{"id":18092,"date":"2025-02-03T11:00:30","date_gmt":"2025-02-03T09:00:30","guid":{"rendered":"https:\/\/turunmusiikkijuhlat.fi\/?p=18092"},"modified":"2025-02-03T19:11:29","modified_gmt":"2025-02-03T17:11:29","slug":"eveliina-salminen-vie-turun-musiikkijuhlia-vastuullisempaan-suuntaan","status":"publish","type":"post","link":"https:\/\/turunmusiikkijuhlat.fi\/sv\/eveliina-salminen-vie-turun-musiikkijuhlia-vastuullisempaan-suuntaan","title":{"rendered":"Eveliina Salminen leder \u00c5bo musikfestspel mot en mer h\u00e5llbar framtid \u2013 en av stadens Klimatf\u00f6r\u00e4ndrare"},"content":{"rendered":"[vc_row type=&#8221;in_container&#8221; full_screen_row_position=&#8221;middle&#8221; column_margin=&#8221;default&#8221; column_direction=&#8221;default&#8221; column_direction_tablet=&#8221;default&#8221; column_direction_phone=&#8221;default&#8221; scene_position=&#8221;center&#8221; text_color=&#8221;dark&#8221; text_align=&#8221;left&#8221; row_border_radius=&#8221;none&#8221; row_border_radius_applies=&#8221;bg&#8221; overflow=&#8221;visible&#8221; overlay_strength=&#8221;0.3&#8243; gradient_direction=&#8221;left_to_right&#8221; shape_divider_position=&#8221;bottom&#8221; bg_image_animation=&#8221;none&#8221;][vc_column column_padding=&#8221;no-extra-padding&#8221; column_padding_tablet=&#8221;inherit&#8221; column_padding_phone=&#8221;inherit&#8221; column_padding_position=&#8221;all&#8221; column_element_direction_desktop=&#8221;default&#8221; column_element_spacing=&#8221;default&#8221; desktop_text_alignment=&#8221;default&#8221; tablet_text_alignment=&#8221;default&#8221; phone_text_alignment=&#8221;default&#8221; background_color_opacity=&#8221;1&#8243; background_hover_color_opacity=&#8221;1&#8243; column_backdrop_filter=&#8221;none&#8221; column_shadow=&#8221;none&#8221; column_border_radius=&#8221;none&#8221; column_link_target=&#8221;_self&#8221; column_position=&#8221;default&#8221; gradient_direction=&#8221;left_to_right&#8221; overlay_strength=&#8221;0.3&#8243; width=&#8221;1\/1&#8243; tablet_width_inherit=&#8221;default&#8221; animation_type=&#8221;default&#8221; bg_image_animation=&#8221;none&#8221; border_type=&#8221;simple&#8221; column_border_width=&#8221;none&#8221; column_border_style=&#8221;solid&#8221;][vc_custom_heading text=&#8221;EVELIINA SALMINEN LEDER \u00c5BO MUSIKFESTSPEL MOT EN MER H\u00c5LLBAR FRAMTID &#8211; EN AV STADENS KLIMATF\u00d6R\u00c4NDRARE&#8221; font_container=&#8221;tag:h2|text_align:left|color:%23bc9634&#8243; use_theme_fonts=&#8221;yes&#8221; css=&#8221;&#8221;][vc_custom_heading text=&#8221;3.2.2025&#8243; font_container=&#8221;tag:h4|text_align:left|color:%23ee92c2&#8243; use_theme_fonts=&#8221;yes&#8221; css=&#8221;&#8221;][divider line_type=&#8221;No Line&#8221; custom_height=&#8221;30&#8243;][image_with_animation image_url=&#8221;16125&#8243; image_size=&#8221;full&#8221; animation_type=&#8221;entrance&#8221; animation=&#8221;None&#8221; animation_movement_type=&#8221;transform_y&#8221; hover_animation=&#8221;none&#8221; alignment=&#8221;&#8221; border_radius=&#8221;none&#8221; box_shadow=&#8221;none&#8221; image_loading=&#8221;default&#8221; max_width=&#8221;100%&#8221; max_width_mobile=&#8221;default&#8221;][vc_column_text css=&#8221;&#8221; text_direction=&#8221;default&#8221;]<strong>Kampanjen Klimatf\u00f6r\u00e4ndrare lyfter fram \u00c5bobor som arbetar f\u00f6r klimatet i sin vardag. De arbetar i f\u00f6retag och organisationer som har f\u00f6rbundit sig att hj\u00e4lpa staden att n\u00e5 klimatneutralitet senast 2029. En av kampanjens nyckelpersoner \u00e4r Eveliina Salminen, f\u00f6rs\u00e4ljnings- och marknadsf\u00f6ringschef f\u00f6r \u00c5bo musikfestspel. Hon \u00e4r en f\u00f6reg\u00e5ngare inom h\u00e5llbarhet i evenemangsbranschen och str\u00e4var efter att g\u00f6ra \u00c5bo musikfestspel \u00e4nnu mer h\u00e5llbara.<\/strong><\/p>\n<h3><strong>H\u00e5llbarhet styr evenemangsproduktionen<\/strong><\/h3>\n<p>Salminen ber\u00e4ttar att h\u00e5llbarhet \u00e4r k\u00e4rnan i hennes arbete.<br \/>\n<em>&#8221;V\u00e5rt m\u00e5l \u00e4r att vara Finlands mest h\u00e5llbara klassiska musikevenemang. Det betyder att varje konsert \u2013 \u00f6ver 50 per \u00e5r \u2013 planeras med h\u00e5llbarhet i fokus. Vi str\u00e4var efter att minska v\u00e5r milj\u00f6p\u00e5verkan genom logistik, teknik, marknadsf\u00f6ringsmaterial och servering. Vi prioriterar lokala samarbetspartners, f\u00f6rnybara energik\u00e4llor och digital marknadsf\u00f6ring ist\u00e4llet f\u00f6r pappersutskrifter.&#8221;<\/em><\/p>\n<p>Dessutom samarbetar \u00c5bo musikfestspel aktivt med artister, publik och personal f\u00f6r att \u00f6ka klimatmedvetenheten. M\u00e5let \u00e4r att varje del av evenemanget ska bidra till h\u00e5llbarhet. <em>&#8221;Vi vill visa att kulturevenemang kan vara en del av l\u00f6sningen p\u00e5 klimatkrisen, inte bara en del av problemet.&#8221;<\/em><\/p>\n<h3><strong>Vad motiverar h\u00e5llbarhetsarbetet?<\/strong><\/h3>\n<p>Salminen s\u00e4ger att det ger henne stor motivation att kunna kombinera kultur och h\u00e5llbarhet i sitt arbete.<br \/>\n<em>&#8221;Jag motiveras av tanken att jag kan fr\u00e4mja tillg\u00e4ngligheten till konst och kultur p\u00e5 ett ansvarsfullt s\u00e4tt. Det \u00e4r givande att f\u00e5 vara med och skapa of\u00f6rgl\u00f6mliga upplevelser som berikar m\u00e4nniskors liv samtidigt som vi tar h\u00e4nsyn till milj\u00f6n. Jag tycker s\u00e4rskilt om att kombinera kreativ marknadsf\u00f6ring, lagarbete och strategiskt t\u00e4nkande f\u00f6r att driva h\u00e5llbarhet fram\u00e5t. Varje lyckad konsert och positiv feedback fr\u00e5n publiken st\u00e4rker k\u00e4nslan av att mitt arbete \u00e4r meningsfullt.&#8221;<\/em><\/p>\n<p>\u00c5bo musikfestspel \u00e4r redan en f\u00f6reg\u00e5ngare inom h\u00e5llbarhet, men Salminen tror att kulturevenemang i framtiden kan spela en \u00e4nnu st\u00f6rre roll i att fr\u00e4mja h\u00e5llbar utveckling. <em>&#8221;Genom h\u00e5llbarhet kan \u00c5bo musikfestspel vara ett exempel p\u00e5 hur kulturevenemang kan inspirera till en mer h\u00e5llbar framtid.&#8221;<\/em><\/p>\n<h3><strong>\u00c5bo som en klimatneutral stad \u00e5r 2029<\/strong><\/h3>\n<p>\u00c5bo stad siktar p\u00e5 att bli klimatneutral senast 2029, d\u00e5 staden fyller 800 \u00e5r. Det inneb\u00e4r att staden producerar mindre utsl\u00e4pp \u00e4n den kan binda. \u00c5bo har s\u00e4rskilt investerat i h\u00e5llbar energi och infrastruktur, men de st\u00f6rsta utmaningarna \u00e4r att minska utsl\u00e4ppen fr\u00e5n trafiken.<\/p>\n<p>Salminen ser framtidens \u00c5bo som en livskraftig och gemenskapsorienterad stad d\u00e4r h\u00e5llbar utveckling syns \u00f6verallt i vardagen.<br \/>\n<em>&#8221;\u00c5r 2029 \u00e4r klimatneutrala \u00c5bo en stad d\u00e4r kollektivtrafiken \u00e4r elektrisk och smidig, cykling och g\u00e5ng \u00e4r naturliga val. Byggnaderna \u00e4r energieffektiva och stadens energiproduktion baseras p\u00e5 f\u00f6rnybara k\u00e4llor. \u00c5bo musikfestspel fungerar som ett exempel p\u00e5 h\u00e5llbara evenemang \u2013 lokal anknytning, cirkul\u00e4r ekonomi och nollutsl\u00e4pp \u00e4r en del av varje konsertplanering. Jag hoppas att staden forts\u00e4tter att uppmuntra inv\u00e5nare och organisationer att vidta klimat\u00e5tg\u00e4rder och skapar en milj\u00f6 d\u00e4r h\u00e5llbara val \u00e4r enkla och givande.&#8221;<\/em><\/p>\n<h3><strong>Klimatf\u00f6r\u00e4ndrarna syns p\u00e5 gatorna och online<\/strong><\/h3>\n<p>Projektkoordinatorn Lotte Suveri fr\u00e5n \u00c5bo stad s\u00e4ger att kampanjen Klimatf\u00f6r\u00e4ndrare ger ett ansikte \u00e5t stadens klimatarbete.<br \/>\n<em>\u201dKlimatmigranter arbetar i f\u00f6retag och organisationer som har tecknat ett klimatstadsavtal med staden. De \u00e4r engagerade i ett ambiti\u00f6st klimatarbete och hj\u00e4lper d\u00e4rmed Turkiet att uppn\u00e5 sitt m\u00e5l om koldioxidneutralitet.\u201d<\/em><\/p>\n<p>Salminen betonar att h\u00e5llbarhet och investeringar i nyckelinitiativ kan inspirera andra akt\u00f6rer. <em>&#8221;\u00c5bo musikfestspel kan vara ett exempel p\u00e5 hur kulturevenemang kan inspirera till en mer h\u00e5llbar framtid.&#8221;<\/em><\/p>\n<p>Klimatf\u00f6r\u00e4ndrarna syns i februari p\u00e5 utomhusannonser, i sociala medier och p\u00e5 stadens uppdaterade webbplats. Salminen hoppas att kampanjen inspirerar fler att delta i klimatarbetet: <em>&#8221;Framtiden skapas tillsammans, och alla har m\u00f6jlighet att p\u00e5verka.&#8221;<\/em>[\/vc_column_text][divider line_type=&#8221;No Line&#8221; custom_height=&#8221;30&#8243;][vc_custom_heading text=&#8221;Ytterligare information och intervjuf\u00f6rfr\u00e5gningar:&#8221; font_container=&#8221;tag:h4|text_align:left&#8221; css=&#8221;&#8221;][vc_column_text css=&#8221;&#8221; text_direction=&#8221;default&#8221;]<b>Eveliina<\/b> <strong>Salminen<\/strong>, Chef f\u00f6r f\u00f6rs\u00e4ljning och marknadsf\u00f6ring, \u00c5bo musikfestspel<br \/>\neveliina.salminen@tmj.fi \/ +358 40 524 5531<\/p>\n<div><\/div>\n[\/vc_column_text][\/vc_column][\/vc_row]\n","protected":false},"excerpt":{"rendered":"<p>[vc_row type=&#8221;in_container&#8221; full_screen_row_position=&#8221;middle&#8221; column_margin=&#8221;default&#8221; column_direction=&#8221;default&#8221; column_direction_tablet=&#8221;default&#8221; column_direction_phone=&#8221;default&#8221; scene_position=&#8221;center&#8221; text_color=&#8221;dark&#8221; text_align=&#8221;left&#8221; row_border_radius=&#8221;none&#8221; row_border_radius_applies=&#8221;bg&#8221; overflow=&#8221;visible&#8221; overlay_strength=&#8221;0.3&#8243; gradient_direction=&#8221;left_to_right&#8221; shape_divider_position=&#8221;bottom&#8221; bg_image_animation=&#8221;none&#8221;][vc_column column_padding=&#8221;no-extra-padding&#8221; column_padding_tablet=&#8221;inherit&#8221; column_padding_phone=&#8221;inherit&#8221; column_padding_position=&#8221;all&#8221; column_element_direction_desktop=&#8221;default&#8221; column_element_spacing=&#8221;default&#8221; desktop_text_alignment=&#8221;default&#8221; tablet_text_alignment=&#8221;default&#8221; phone_text_alignment=&#8221;default&#8221; background_color_opacity=&#8221;1&#8243; background_hover_color_opacity=&#8221;1&#8243; column_backdrop_filter=&#8221;none&#8221; column_shadow=&#8221;none&#8221; column_border_radius=&#8221;none&#8221; column_link_target=&#8221;_self&#8221; column_position=&#8221;default&#8221; gradient_direction=&#8221;left_to_right&#8221; overlay_strength=&#8221;0.3&#8243; width=&#8221;1\/1&#8243; tablet_width_inherit=&#8221;default&#8221; animation_type=&#8221;default&#8221; bg_image_animation=&#8221;none&#8221; border_type=&#8221;simple&#8221; column_border_width=&#8221;none&#8221; column_border_style=&#8221;solid&#8221;][vc_custom_heading text=&#8221;EVELIINA SALMINEN LEDER \u00c5BO MUSIKFESTSPEL MOT EN MER&#8230;<\/p>\n","protected":false},"author":2,"featured_media":18099,"comment_status":"closed","ping_status":"open","sticky":false,"template":"","format":"standard","meta":{"_improvement_type_select":"improve_an_existing","_thumb_yes_seoaic":false,"_frame_yes_seoaic":false,"seoaic_generate_description":"","seoaic_improve_instructions_prompt":"","seoaic_rollback_content_improvement":"","seoaic_idea_thumbnail_generator":"","thumbnail_generated":false,"thumbnail_generate_prompt":"","seoaic_article_description":"","seoaic_article_subtitles":[],"footnotes":""},"categories":[33],"tags":[],"class_list":{"0":"post-18092","1":"post","2":"type-post","3":"status-publish","4":"format-standard","5":"has-post-thumbnail","7":"category-blogg"},"yoast_head":"<!-- This site is optimized with the Yoast SEO plugin v27.4 - https:\/\/yoast.com\/product\/yoast-seo-wordpress\/ -->\n<title>Eveliina Salminen leder \u00c5bo musikfestspel mot en mer h\u00e5llbar framtid \u2013 en av stadens Klimatf\u00f6r\u00e4ndrare | Turun musiikkijuhlat<\/title>\n<meta name=\"robots\" content=\"index, follow, max-snippet:-1, max-image-preview:large, max-video-preview:-1\" \/>\n<link rel=\"canonical\" href=\"https:\/\/turunmusiikkijuhlat.fi\/sv\/eveliina-salminen-vie-turun-musiikkijuhlia-vastuullisempaan-suuntaan\" \/>\n<meta property=\"og:locale\" content=\"sv_SE\" \/>\n<meta property=\"og:type\" content=\"article\" \/>\n<meta property=\"og:title\" content=\"Eveliina Salminen leder \u00c5bo musikfestspel mot en mer h\u00e5llbar framtid \u2013 en av stadens Klimatf\u00f6r\u00e4ndrare | Turun musiikkijuhlat\" \/>\n<meta property=\"og:description\" content=\"[vc_row type=&#8221;in_container&#8221; full_screen_row_position=&#8221;middle&#8221; column_margin=&#8221;default&#8221; column_direction=&#8221;default&#8221; column_direction_tablet=&#8221;default&#8221; column_direction_phone=&#8221;default&#8221; scene_position=&#8221;center&#8221; text_color=&#8221;dark&#8221; text_align=&#8221;left&#8221; row_border_radius=&#8221;none&#8221; row_border_radius_applies=&#8221;bg&#8221; overflow=&#8221;visible&#8221; overlay_strength=&#8221;0.3&#8243; gradient_direction=&#8221;left_to_right&#8221; shape_divider_position=&#8221;bottom&#8221; bg_image_animation=&#8221;none&#8221;][vc_column column_padding=&#8221;no-extra-padding&#8221; column_padding_tablet=&#8221;inherit&#8221; column_padding_phone=&#8221;inherit&#8221; column_padding_position=&#8221;all&#8221; column_element_direction_desktop=&#8221;default&#8221; column_element_spacing=&#8221;default&#8221; desktop_text_alignment=&#8221;default&#8221; tablet_text_alignment=&#8221;default&#8221; phone_text_alignment=&#8221;default&#8221; background_color_opacity=&#8221;1&#8243; background_hover_color_opacity=&#8221;1&#8243; column_backdrop_filter=&#8221;none&#8221; column_shadow=&#8221;none&#8221; column_border_radius=&#8221;none&#8221; column_link_target=&#8221;_self&#8221; column_position=&#8221;default&#8221; gradient_direction=&#8221;left_to_right&#8221; overlay_strength=&#8221;0.3&#8243; width=&#8221;1\/1&#8243; tablet_width_inherit=&#8221;default&#8221; animation_type=&#8221;default&#8221; bg_image_animation=&#8221;none&#8221; border_type=&#8221;simple&#8221; column_border_width=&#8221;none&#8221; column_border_style=&#8221;solid&#8221;][vc_custom_heading text=&#8221;EVELIINA SALMINEN LEDER \u00c5BO MUSIKFESTSPEL MOT EN MER...\" \/>\n<meta property=\"og:url\" content=\"https:\/\/turunmusiikkijuhlat.fi\/sv\/eveliina-salminen-vie-turun-musiikkijuhlia-vastuullisempaan-suuntaan\" \/>\n<meta property=\"og:site_name\" content=\"Turun musiikkijuhlat\" \/>\n<meta property=\"article:publisher\" content=\"https:\/\/www.facebook.com\/Turunmusiikkijuhlat\/\" \/>\n<meta property=\"article:published_time\" content=\"2025-02-03T09:00:30+00:00\" \/>\n<meta property=\"article:modified_time\" content=\"2025-02-03T17:11:29+00:00\" \/>\n<meta property=\"og:image\" content=\"https:\/\/turunmusiikkijuhlat.fi\/wp-content\/uploads\/2025\/01\/Ilmastonmuuttajat_1920x1080-1-1024x576.png\" \/>\n\t<meta property=\"og:image:width\" content=\"1024\" \/>\n\t<meta property=\"og:image:height\" content=\"576\" \/>\n\t<meta property=\"og:image:type\" content=\"image\/png\" \/>\n<meta name=\"author\" content=\"Eveliina Salminen\" \/>\n<meta name=\"twitter:card\" content=\"summary_large_image\" \/>\n<meta name=\"twitter:creator\" content=\"@TurkuMusicFest\" \/>\n<meta name=\"twitter:site\" content=\"@TurkuMusicFest\" \/>\n<meta name=\"twitter:label1\" content=\"Skriven av\" \/>\n\t<meta name=\"twitter:data1\" content=\"Eveliina Salminen\" \/>\n\t<meta name=\"twitter:label2\" content=\"Ber\u00e4knad l\u00e4stid\" \/>\n\t<meta name=\"twitter:data2\" content=\"5 minuter\" \/>\n<script type=\"application\/ld+json\" class=\"yoast-schema-graph\">{\"@context\":\"https:\\\/\\\/schema.org\",\"@graph\":[{\"@type\":\"Article\",\"@id\":\"https:\\\/\\\/turunmusiikkijuhlat.fi\\\/sv\\\/eveliina-salminen-vie-turun-musiikkijuhlia-vastuullisempaan-suuntaan#article\",\"isPartOf\":{\"@id\":\"https:\\\/\\\/turunmusiikkijuhlat.fi\\\/sv\\\/eveliina-salminen-vie-turun-musiikkijuhlia-vastuullisempaan-suuntaan\"},\"author\":{\"name\":\"Eveliina Salminen\",\"@id\":\"https:\\\/\\\/turunmusiikkijuhlat.fi\\\/sv#\\\/schema\\\/person\\\/a13da56a0233d63a74c01ff90b381440\"},\"headline\":\"Eveliina Salminen leder \u00c5bo musikfestspel mot en mer h\u00e5llbar framtid \u2013 en av stadens Klimatf\u00f6r\u00e4ndrare\",\"datePublished\":\"2025-02-03T09:00:30+00:00\",\"dateModified\":\"2025-02-03T17:11:29+00:00\",\"mainEntityOfPage\":{\"@id\":\"https:\\\/\\\/turunmusiikkijuhlat.fi\\\/sv\\\/eveliina-salminen-vie-turun-musiikkijuhlia-vastuullisempaan-suuntaan\"},\"wordCount\":991,\"publisher\":{\"@id\":\"https:\\\/\\\/turunmusiikkijuhlat.fi\\\/sv#organization\"},\"image\":{\"@id\":\"https:\\\/\\\/turunmusiikkijuhlat.fi\\\/sv\\\/eveliina-salminen-vie-turun-musiikkijuhlia-vastuullisempaan-suuntaan#primaryimage\"},\"thumbnailUrl\":\"https:\\\/\\\/turunmusiikkijuhlat.fi\\\/wp-content\\\/uploads\\\/2025\\\/01\\\/Ilmastonmuuttajat_1920x1080-1.png\",\"articleSection\":[\"Blogg\"],\"inLanguage\":\"sv-SE\"},{\"@type\":\"WebPage\",\"@id\":\"https:\\\/\\\/turunmusiikkijuhlat.fi\\\/sv\\\/eveliina-salminen-vie-turun-musiikkijuhlia-vastuullisempaan-suuntaan\",\"url\":\"https:\\\/\\\/turunmusiikkijuhlat.fi\\\/sv\\\/eveliina-salminen-vie-turun-musiikkijuhlia-vastuullisempaan-suuntaan\",\"name\":\"Eveliina Salminen leder \u00c5bo musikfestspel mot en mer h\u00e5llbar framtid \u2013 en av stadens Klimatf\u00f6r\u00e4ndrare | Turun musiikkijuhlat\",\"isPartOf\":{\"@id\":\"https:\\\/\\\/turunmusiikkijuhlat.fi\\\/sv#website\"},\"primaryImageOfPage\":{\"@id\":\"https:\\\/\\\/turunmusiikkijuhlat.fi\\\/sv\\\/eveliina-salminen-vie-turun-musiikkijuhlia-vastuullisempaan-suuntaan#primaryimage\"},\"image\":{\"@id\":\"https:\\\/\\\/turunmusiikkijuhlat.fi\\\/sv\\\/eveliina-salminen-vie-turun-musiikkijuhlia-vastuullisempaan-suuntaan#primaryimage\"},\"thumbnailUrl\":\"https:\\\/\\\/turunmusiikkijuhlat.fi\\\/wp-content\\\/uploads\\\/2025\\\/01\\\/Ilmastonmuuttajat_1920x1080-1.png\",\"datePublished\":\"2025-02-03T09:00:30+00:00\",\"dateModified\":\"2025-02-03T17:11:29+00:00\",\"breadcrumb\":{\"@id\":\"https:\\\/\\\/turunmusiikkijuhlat.fi\\\/sv\\\/eveliina-salminen-vie-turun-musiikkijuhlia-vastuullisempaan-suuntaan#breadcrumb\"},\"inLanguage\":\"sv-SE\",\"potentialAction\":[{\"@type\":\"ReadAction\",\"target\":[\"https:\\\/\\\/turunmusiikkijuhlat.fi\\\/sv\\\/eveliina-salminen-vie-turun-musiikkijuhlia-vastuullisempaan-suuntaan\"]}]},{\"@type\":\"ImageObject\",\"inLanguage\":\"sv-SE\",\"@id\":\"https:\\\/\\\/turunmusiikkijuhlat.fi\\\/sv\\\/eveliina-salminen-vie-turun-musiikkijuhlia-vastuullisempaan-suuntaan#primaryimage\",\"url\":\"https:\\\/\\\/turunmusiikkijuhlat.fi\\\/wp-content\\\/uploads\\\/2025\\\/01\\\/Ilmastonmuuttajat_1920x1080-1.png\",\"contentUrl\":\"https:\\\/\\\/turunmusiikkijuhlat.fi\\\/wp-content\\\/uploads\\\/2025\\\/01\\\/Ilmastonmuuttajat_1920x1080-1.png\",\"width\":1920,\"height\":1080},{\"@type\":\"BreadcrumbList\",\"@id\":\"https:\\\/\\\/turunmusiikkijuhlat.fi\\\/sv\\\/eveliina-salminen-vie-turun-musiikkijuhlia-vastuullisempaan-suuntaan#breadcrumb\",\"itemListElement\":[{\"@type\":\"ListItem\",\"position\":1,\"name\":\"Etusivu\",\"item\":\"https:\\\/\\\/turunmusiikkijuhlat.fi\\\/sv\"},{\"@type\":\"ListItem\",\"position\":2,\"name\":\"Eveliina Salminen leder \u00c5bo musikfestspel mot en mer h\u00e5llbar framtid \u2013 en av stadens Klimatf\u00f6r\u00e4ndrare\"}]},{\"@type\":\"WebSite\",\"@id\":\"https:\\\/\\\/turunmusiikkijuhlat.fi\\\/sv#website\",\"url\":\"https:\\\/\\\/turunmusiikkijuhlat.fi\\\/sv\",\"name\":\"Turun musiikkijuhlat\",\"description\":\"Suomen vanhin yht\u00e4jaksoisesti toiminut musiikkifestivaali.\",\"publisher\":{\"@id\":\"https:\\\/\\\/turunmusiikkijuhlat.fi\\\/sv#organization\"},\"potentialAction\":[{\"@type\":\"SearchAction\",\"target\":{\"@type\":\"EntryPoint\",\"urlTemplate\":\"https:\\\/\\\/turunmusiikkijuhlat.fi\\\/sv?s={search_term_string}\"},\"query-input\":{\"@type\":\"PropertyValueSpecification\",\"valueRequired\":true,\"valueName\":\"search_term_string\"}}],\"inLanguage\":\"sv-SE\"},{\"@type\":\"Organization\",\"@id\":\"https:\\\/\\\/turunmusiikkijuhlat.fi\\\/sv#organization\",\"name\":\"Turun Musiikkijuhlat\",\"url\":\"https:\\\/\\\/turunmusiikkijuhlat.fi\\\/sv\",\"logo\":{\"@type\":\"ImageObject\",\"inLanguage\":\"sv-SE\",\"@id\":\"https:\\\/\\\/turunmusiikkijuhlat.fi\\\/sv#\\\/schema\\\/logo\\\/image\\\/\",\"url\":\"https:\\\/\\\/turunmusiikkijuhlat.fi\\\/wp-content\\\/uploads\\\/2022\\\/04\\\/TMJ_logo_RGB_500px.png\",\"contentUrl\":\"https:\\\/\\\/turunmusiikkijuhlat.fi\\\/wp-content\\\/uploads\\\/2022\\\/04\\\/TMJ_logo_RGB_500px.png\",\"width\":500,\"height\":151,\"caption\":\"Turun Musiikkijuhlat\"},\"image\":{\"@id\":\"https:\\\/\\\/turunmusiikkijuhlat.fi\\\/sv#\\\/schema\\\/logo\\\/image\\\/\"},\"sameAs\":[\"https:\\\/\\\/www.facebook.com\\\/Turunmusiikkijuhlat\\\/\",\"https:\\\/\\\/x.com\\\/TurkuMusicFest\",\"https:\\\/\\\/www.instagram.com\\\/turkumusicfestival\\\/\",\"https:\\\/\\\/www.youtube.com\\\/user\\\/Turkumusic\"]},{\"@type\":\"Person\",\"@id\":\"https:\\\/\\\/turunmusiikkijuhlat.fi\\\/sv#\\\/schema\\\/person\\\/a13da56a0233d63a74c01ff90b381440\",\"name\":\"Eveliina Salminen\"}]}<\/script>\n<!-- \/ Yoast SEO plugin. -->","yoast_head_json":{"title":"Eveliina Salminen leder \u00c5bo musikfestspel mot en mer h\u00e5llbar framtid \u2013 en av stadens Klimatf\u00f6r\u00e4ndrare | Turun musiikkijuhlat","robots":{"index":"index","follow":"follow","max-snippet":"max-snippet:-1","max-image-preview":"max-image-preview:large","max-video-preview":"max-video-preview:-1"},"canonical":"https:\/\/turunmusiikkijuhlat.fi\/sv\/eveliina-salminen-vie-turun-musiikkijuhlia-vastuullisempaan-suuntaan","og_locale":"sv_SE","og_type":"article","og_title":"Eveliina Salminen leder \u00c5bo musikfestspel mot en mer h\u00e5llbar framtid \u2013 en av stadens Klimatf\u00f6r\u00e4ndrare | Turun musiikkijuhlat","og_description":"[vc_row type=&#8221;in_container&#8221; full_screen_row_position=&#8221;middle&#8221; column_margin=&#8221;default&#8221; column_direction=&#8221;default&#8221; column_direction_tablet=&#8221;default&#8221; column_direction_phone=&#8221;default&#8221; scene_position=&#8221;center&#8221; text_color=&#8221;dark&#8221; text_align=&#8221;left&#8221; row_border_radius=&#8221;none&#8221; row_border_radius_applies=&#8221;bg&#8221; overflow=&#8221;visible&#8221; overlay_strength=&#8221;0.3&#8243; gradient_direction=&#8221;left_to_right&#8221; shape_divider_position=&#8221;bottom&#8221; bg_image_animation=&#8221;none&#8221;][vc_column column_padding=&#8221;no-extra-padding&#8221; column_padding_tablet=&#8221;inherit&#8221; column_padding_phone=&#8221;inherit&#8221; column_padding_position=&#8221;all&#8221; column_element_direction_desktop=&#8221;default&#8221; column_element_spacing=&#8221;default&#8221; desktop_text_alignment=&#8221;default&#8221; tablet_text_alignment=&#8221;default&#8221; phone_text_alignment=&#8221;default&#8221; background_color_opacity=&#8221;1&#8243; background_hover_color_opacity=&#8221;1&#8243; column_backdrop_filter=&#8221;none&#8221; column_shadow=&#8221;none&#8221; column_border_radius=&#8221;none&#8221; column_link_target=&#8221;_self&#8221; column_position=&#8221;default&#8221; gradient_direction=&#8221;left_to_right&#8221; overlay_strength=&#8221;0.3&#8243; width=&#8221;1\/1&#8243; tablet_width_inherit=&#8221;default&#8221; animation_type=&#8221;default&#8221; bg_image_animation=&#8221;none&#8221; border_type=&#8221;simple&#8221; column_border_width=&#8221;none&#8221; column_border_style=&#8221;solid&#8221;][vc_custom_heading text=&#8221;EVELIINA SALMINEN LEDER \u00c5BO MUSIKFESTSPEL MOT EN MER...","og_url":"https:\/\/turunmusiikkijuhlat.fi\/sv\/eveliina-salminen-vie-turun-musiikkijuhlia-vastuullisempaan-suuntaan","og_site_name":"Turun musiikkijuhlat","article_publisher":"https:\/\/www.facebook.com\/Turunmusiikkijuhlat\/","article_published_time":"2025-02-03T09:00:30+00:00","article_modified_time":"2025-02-03T17:11:29+00:00","og_image":[{"width":1024,"height":576,"url":"https:\/\/turunmusiikkijuhlat.fi\/wp-content\/uploads\/2025\/01\/Ilmastonmuuttajat_1920x1080-1-1024x576.png","type":"image\/png"}],"author":"Eveliina Salminen","twitter_card":"summary_large_image","twitter_creator":"@TurkuMusicFest","twitter_site":"@TurkuMusicFest","twitter_misc":{"Skriven av":"Eveliina Salminen","Ber\u00e4knad l\u00e4stid":"5 minuter"},"schema":{"@context":"https:\/\/schema.org","@graph":[{"@type":"Article","@id":"https:\/\/turunmusiikkijuhlat.fi\/sv\/eveliina-salminen-vie-turun-musiikkijuhlia-vastuullisempaan-suuntaan#article","isPartOf":{"@id":"https:\/\/turunmusiikkijuhlat.fi\/sv\/eveliina-salminen-vie-turun-musiikkijuhlia-vastuullisempaan-suuntaan"},"author":{"name":"Eveliina Salminen","@id":"https:\/\/turunmusiikkijuhlat.fi\/sv#\/schema\/person\/a13da56a0233d63a74c01ff90b381440"},"headline":"Eveliina Salminen leder \u00c5bo musikfestspel mot en mer h\u00e5llbar framtid \u2013 en av stadens Klimatf\u00f6r\u00e4ndrare","datePublished":"2025-02-03T09:00:30+00:00","dateModified":"2025-02-03T17:11:29+00:00","mainEntityOfPage":{"@id":"https:\/\/turunmusiikkijuhlat.fi\/sv\/eveliina-salminen-vie-turun-musiikkijuhlia-vastuullisempaan-suuntaan"},"wordCount":991,"publisher":{"@id":"https:\/\/turunmusiikkijuhlat.fi\/sv#organization"},"image":{"@id":"https:\/\/turunmusiikkijuhlat.fi\/sv\/eveliina-salminen-vie-turun-musiikkijuhlia-vastuullisempaan-suuntaan#primaryimage"},"thumbnailUrl":"https:\/\/turunmusiikkijuhlat.fi\/wp-content\/uploads\/2025\/01\/Ilmastonmuuttajat_1920x1080-1.png","articleSection":["Blogg"],"inLanguage":"sv-SE"},{"@type":"WebPage","@id":"https:\/\/turunmusiikkijuhlat.fi\/sv\/eveliina-salminen-vie-turun-musiikkijuhlia-vastuullisempaan-suuntaan","url":"https:\/\/turunmusiikkijuhlat.fi\/sv\/eveliina-salminen-vie-turun-musiikkijuhlia-vastuullisempaan-suuntaan","name":"Eveliina Salminen leder \u00c5bo musikfestspel mot en mer h\u00e5llbar framtid \u2013 en av stadens Klimatf\u00f6r\u00e4ndrare | Turun musiikkijuhlat","isPartOf":{"@id":"https:\/\/turunmusiikkijuhlat.fi\/sv#website"},"primaryImageOfPage":{"@id":"https:\/\/turunmusiikkijuhlat.fi\/sv\/eveliina-salminen-vie-turun-musiikkijuhlia-vastuullisempaan-suuntaan#primaryimage"},"image":{"@id":"https:\/\/turunmusiikkijuhlat.fi\/sv\/eveliina-salminen-vie-turun-musiikkijuhlia-vastuullisempaan-suuntaan#primaryimage"},"thumbnailUrl":"https:\/\/turunmusiikkijuhlat.fi\/wp-content\/uploads\/2025\/01\/Ilmastonmuuttajat_1920x1080-1.png","datePublished":"2025-02-03T09:00:30+00:00","dateModified":"2025-02-03T17:11:29+00:00","breadcrumb":{"@id":"https:\/\/turunmusiikkijuhlat.fi\/sv\/eveliina-salminen-vie-turun-musiikkijuhlia-vastuullisempaan-suuntaan#breadcrumb"},"inLanguage":"sv-SE","potentialAction":[{"@type":"ReadAction","target":["https:\/\/turunmusiikkijuhlat.fi\/sv\/eveliina-salminen-vie-turun-musiikkijuhlia-vastuullisempaan-suuntaan"]}]},{"@type":"ImageObject","inLanguage":"sv-SE","@id":"https:\/\/turunmusiikkijuhlat.fi\/sv\/eveliina-salminen-vie-turun-musiikkijuhlia-vastuullisempaan-suuntaan#primaryimage","url":"https:\/\/turunmusiikkijuhlat.fi\/wp-content\/uploads\/2025\/01\/Ilmastonmuuttajat_1920x1080-1.png","contentUrl":"https:\/\/turunmusiikkijuhlat.fi\/wp-content\/uploads\/2025\/01\/Ilmastonmuuttajat_1920x1080-1.png","width":1920,"height":1080},{"@type":"BreadcrumbList","@id":"https:\/\/turunmusiikkijuhlat.fi\/sv\/eveliina-salminen-vie-turun-musiikkijuhlia-vastuullisempaan-suuntaan#breadcrumb","itemListElement":[{"@type":"ListItem","position":1,"name":"Etusivu","item":"https:\/\/turunmusiikkijuhlat.fi\/sv"},{"@type":"ListItem","position":2,"name":"Eveliina Salminen leder \u00c5bo musikfestspel mot en mer h\u00e5llbar framtid \u2013 en av stadens Klimatf\u00f6r\u00e4ndrare"}]},{"@type":"WebSite","@id":"https:\/\/turunmusiikkijuhlat.fi\/sv#website","url":"https:\/\/turunmusiikkijuhlat.fi\/sv","name":"Turun musiikkijuhlat","description":"Suomen vanhin yht\u00e4jaksoisesti toiminut musiikkifestivaali.","publisher":{"@id":"https:\/\/turunmusiikkijuhlat.fi\/sv#organization"},"potentialAction":[{"@type":"SearchAction","target":{"@type":"EntryPoint","urlTemplate":"https:\/\/turunmusiikkijuhlat.fi\/sv?s={search_term_string}"},"query-input":{"@type":"PropertyValueSpecification","valueRequired":true,"valueName":"search_term_string"}}],"inLanguage":"sv-SE"},{"@type":"Organization","@id":"https:\/\/turunmusiikkijuhlat.fi\/sv#organization","name":"Turun Musiikkijuhlat","url":"https:\/\/turunmusiikkijuhlat.fi\/sv","logo":{"@type":"ImageObject","inLanguage":"sv-SE","@id":"https:\/\/turunmusiikkijuhlat.fi\/sv#\/schema\/logo\/image\/","url":"https:\/\/turunmusiikkijuhlat.fi\/wp-content\/uploads\/2022\/04\/TMJ_logo_RGB_500px.png","contentUrl":"https:\/\/turunmusiikkijuhlat.fi\/wp-content\/uploads\/2022\/04\/TMJ_logo_RGB_500px.png","width":500,"height":151,"caption":"Turun Musiikkijuhlat"},"image":{"@id":"https:\/\/turunmusiikkijuhlat.fi\/sv#\/schema\/logo\/image\/"},"sameAs":["https:\/\/www.facebook.com\/Turunmusiikkijuhlat\/","https:\/\/x.com\/TurkuMusicFest","https:\/\/www.instagram.com\/turkumusicfestival\/","https:\/\/www.youtube.com\/user\/Turkumusic"]},{"@type":"Person","@id":"https:\/\/turunmusiikkijuhlat.fi\/sv#\/schema\/person\/a13da56a0233d63a74c01ff90b381440","name":"Eveliina Salminen"}]}},"_links":{"self":[{"href":"https:\/\/turunmusiikkijuhlat.fi\/sv\/wp-json\/wp\/v2\/posts\/18092","targetHints":{"allow":["GET"]}}],"collection":[{"href":"https:\/\/turunmusiikkijuhlat.fi\/sv\/wp-json\/wp\/v2\/posts"}],"about":[{"href":"https:\/\/turunmusiikkijuhlat.fi\/sv\/wp-json\/wp\/v2\/types\/post"}],"author":[{"embeddable":true,"href":"https:\/\/turunmusiikkijuhlat.fi\/sv\/wp-json\/wp\/v2\/users\/2"}],"replies":[{"embeddable":true,"href":"https:\/\/turunmusiikkijuhlat.fi\/sv\/wp-json\/wp\/v2\/comments?post=18092"}],"version-history":[{"count":0,"href":"https:\/\/turunmusiikkijuhlat.fi\/sv\/wp-json\/wp\/v2\/posts\/18092\/revisions"}],"wp:featuredmedia":[{"embeddable":true,"href":"https:\/\/turunmusiikkijuhlat.fi\/sv\/wp-json\/wp\/v2\/media\/18099"}],"wp:attachment":[{"href":"https:\/\/turunmusiikkijuhlat.fi\/sv\/wp-json\/wp\/v2\/media?parent=18092"}],"wp:term":[{"taxonomy":"category","embeddable":true,"href":"https:\/\/turunmusiikkijuhlat.fi\/sv\/wp-json\/wp\/v2\/categories?post=18092"},{"taxonomy":"post_tag","embeddable":true,"href":"https:\/\/turunmusiikkijuhlat.fi\/sv\/wp-json\/wp\/v2\/tags?post=18092"}],"curies":[{"name":"wp","href":"https:\/\/api.w.org\/{rel}","templated":true}]}}