{"id":16120,"date":"2024-12-18T11:56:47","date_gmt":"2024-12-18T09:56:47","guid":{"rendered":"https:\/\/turunmusiikkijuhlat.fi\/?p=16120"},"modified":"2024-12-18T12:05:31","modified_gmt":"2024-12-18T10:05:31","slug":"katedraali-soi-viikko-kaynnistyy-sellisti-senja-rummukaisen-soolokonsertilla-turun-tuomiokirkossa","status":"publish","type":"post","link":"https:\/\/turunmusiikkijuhlat.fi\/sv\/katedraali-soi-viikko-kaynnistyy-sellisti-senja-rummukaisen-soolokonsertilla-turun-tuomiokirkossa","title":{"rendered":"Katedraali soi! -veckan inleds med cellisten Senja Rummukainens solokonsert i \u00c5bo domkyrka"},"content":{"rendered":"[vc_row type=&#8221;in_container&#8221; full_screen_row_position=&#8221;middle&#8221; column_margin=&#8221;default&#8221; column_direction=&#8221;default&#8221; column_direction_tablet=&#8221;default&#8221; column_direction_phone=&#8221;default&#8221; scene_position=&#8221;center&#8221; text_color=&#8221;dark&#8221; text_align=&#8221;left&#8221; row_border_radius=&#8221;none&#8221; row_border_radius_applies=&#8221;bg&#8221; overflow=&#8221;visible&#8221; overlay_strength=&#8221;0.3&#8243; gradient_direction=&#8221;left_to_right&#8221; shape_divider_position=&#8221;bottom&#8221; bg_image_animation=&#8221;none&#8221;][vc_column column_padding=&#8221;no-extra-padding&#8221; column_padding_tablet=&#8221;inherit&#8221; column_padding_phone=&#8221;inherit&#8221; column_padding_position=&#8221;all&#8221; column_element_direction_desktop=&#8221;default&#8221; column_element_spacing=&#8221;default&#8221; desktop_text_alignment=&#8221;default&#8221; tablet_text_alignment=&#8221;default&#8221; phone_text_alignment=&#8221;default&#8221; background_color_opacity=&#8221;1&#8243; background_hover_color_opacity=&#8221;1&#8243; column_backdrop_filter=&#8221;none&#8221; column_shadow=&#8221;none&#8221; column_border_radius=&#8221;none&#8221; column_link_target=&#8221;_self&#8221; column_position=&#8221;default&#8221; gradient_direction=&#8221;left_to_right&#8221; overlay_strength=&#8221;0.3&#8243; width=&#8221;1\/1&#8243; tablet_width_inherit=&#8221;default&#8221; animation_type=&#8221;default&#8221; bg_image_animation=&#8221;none&#8221; border_type=&#8221;simple&#8221; column_border_width=&#8221;none&#8221; column_border_style=&#8221;solid&#8221;][vc_custom_heading text=&#8221;KATEDRAALI SOI! -VECKAN INLEDS MED CELLISTEN SENJA RUMMUKAINENS SOLOKONSERT I \u00c5BO DOMKYRKA&#8221; font_container=&#8221;tag:h2|text_align:left|color:%23bc9634&#8243; use_theme_fonts=&#8221;yes&#8221; css=&#8221;&#8221;][vc_custom_heading text=&#8221;18.12.2024&#8243; font_container=&#8221;tag:h4|text_align:left|color:%23ee92c2&#8243; use_theme_fonts=&#8221;yes&#8221; css=&#8221;&#8221;][divider line_type=&#8221;No Line&#8221; custom_height=&#8221;30&#8243;][image_with_animation image_url=&#8221;16127&#8243; image_size=&#8221;full&#8221; animation_type=&#8221;entrance&#8221; animation=&#8221;None&#8221; animation_movement_type=&#8221;transform_y&#8221; hover_animation=&#8221;none&#8221; alignment=&#8221;&#8221; border_radius=&#8221;none&#8221; box_shadow=&#8221;none&#8221; image_loading=&#8221;default&#8221; max_width=&#8221;100%&#8221; max_width_mobile=&#8221;default&#8221;][vc_column_text css=&#8221;&#8221; text_direction=&#8221;default&#8221;]Senja Rummukainen \/ Eeva Suutari[\/vc_column_text][vc_column_text css=&#8221;&#8221; text_direction=&#8221;default&#8221;]<strong>\u00d6ppningskonserten\u00a0\u00e4ger rum p\u00e5\u00a0m\u00e5ndag den 3 februari 2025 klockan 19, d\u00e4r publiken f\u00e5r njuta av den exceptionellt beg\u00e5vade finska cellisten\u00a0Senja Rummukainen. \u00c5bo Musikfestspel producerar denna konsert.<\/strong><\/p>\n<h4><strong>En resa fr\u00e5n barock till modernitet<\/strong><\/h4>\n<p>Kv\u00e4llens program \u00e4r en omsorgsfullt sammanst\u00e4lld musikalisk resa som f\u00f6renar barockens harmoniska sk\u00f6nhet med samtida musikens dj\u00e4rva uttryck. Rummukainens spel f\u00f6rvandlar dessa verk till en djupt ber\u00f6rande upplevelse som fascinerar \u00e5h\u00f6rarna.<\/p>\n<p>\u201dVi \u00e4r mycket glada \u00f6ver att denna konsert kommer att \u00f6ppna \u00c5bo Musikfestspel 2025. Senja Rummukainen \u00e4r ett av de mest sp\u00e4nnande namnen inom klassisk musik idag och hennes solocellokonsert och verk \u00e4r verkligen sp\u00e4nnande. Katedral Soi! veckan \u00e4r en viktig tradition f\u00f6r \u00c5bo Musikfestspel och det \u00e4r fantastiskt att vi kan forts\u00e4tta denna tradition med Senja Rummukainen\u201d, s\u00e4ger\u00a0<strong>Eveliina Salminen<\/strong>, f\u00f6rs\u00e4ljnings- och marknadsf\u00f6ringschef f\u00f6r \u00c5bo Musikfestspel.<\/p>\n<h4><strong>Senja Rummukainen \u2013 en stigande stj\u00e4rna inom klassisk musik<\/strong><\/h4>\n<p>Senja Rummukainen (f. 1994) \u00e4r en internationell stj\u00e4rna inom den finska klassiska musiken, vars uttrycksfulla spel och djupa musikaliska vision har gjort henne ber\u00f6md b\u00e5de i Finland och utomlands. Under s\u00e4song 24\/25 debuterade Rummukainen med bl.a. Cleveland Orchestra, BBC Concert Orchestra, Royal Scottish National Orchestra, BBC National Orchestra of Wales och Bogot\u00e1 Symphony Orchestra. Hon kommer att g\u00f6ra festivaldebut vid den prestigefyllda BBC Proms Festival med Elgars cellokonsert tillsammans med Sakari Oramo och BBC Symphony Orchestra, och vid p\u00e5skfestivalen i Salzburg med Esa-Pekka Salonens cellokonsert tillsammans med komposit\u00f6ren och Radiosymfonikerna.<\/p>\n<p>Under sin karri\u00e4r har Rummukainen vunnit flera stora priser, bl.a. \u00c5bo Cello Competition (2014). Bara ett \u00e5r senare var hon finalist i Guilhermina Suggia Awards i Porto, och 2019 var hon finalist i Pyotr Tchaikovsky International Competition i S:t Petersburg. Hon har upptr\u00e4tt med m\u00e5nga prestigefyllda orkestrar och hennes spelstil kombinerar tekniskt m\u00e4sterskap med ett exceptionellt k\u00e4nslom\u00e4ssigt uttryck.<\/p>\n<h4><strong>Katedraali soi! \u2013 Musik i hj\u00e4rtat av \u00c5bos historia<\/strong><\/h4>\n<p>Katedraali soi! \u00e4r en vinterh\u00f6jdpunkt i \u00c5bo som sprider ljus och v\u00e4rme under \u00e5rets m\u00f6rkaste tid. Under veckan presenteras ett rikt utbud av konserter som belyser musik fr\u00e5n olika epoker och genrer. Den magnifika \u00c5bo domkyrkan, ett av Finlands mest ikoniska kulturminnesm\u00e4rken, skapar en unik inramning och f\u00f6rst\u00e4rker musikens tidl\u00f6sa kraft.<\/p>\n<p>Senja Rummukainens \u00f6ppningskonsert \u00e4r det perfekta s\u00e4ttet att inleda denna st\u00e4mningsfulla vecka. Det \u00e4r mer \u00e4n en konsert\u2014det \u00e4r en stund f\u00f6r eftertanke och n\u00e4rvaro mitt i vintern. Kombinationen av mjuk belysning, katedralens stillhet och cellons intima klang skapar en upplevelse d\u00e4r tiden tycks st\u00e5 still.[\/vc_column_text][divider line_type=&#8221;No Line&#8221; custom_height=&#8221;30&#8243;][vc_custom_heading text=&#8221;Ytterligare information och intervjuf\u00f6rfr\u00e5gningar:&#8221; font_container=&#8221;tag:h4|text_align:left&#8221; css=&#8221;&#8221;][vc_column_text css=&#8221;&#8221; text_direction=&#8221;default&#8221;]<b>Eveliina<\/b> <strong>Salminen<\/strong>, Chef f\u00f6r f\u00f6rs\u00e4ljning och marknadsf\u00f6ring, \u00c5bo musikfestspel<br \/>\neveliina.salminen@tmj.fi \/ +358 40 524 5531<\/p>\n<div><\/div>\n[\/vc_column_text][\/vc_column][\/vc_row]\n","protected":false},"excerpt":{"rendered":"<p>[vc_row type=&#8221;in_container&#8221; full_screen_row_position=&#8221;middle&#8221; column_margin=&#8221;default&#8221; column_direction=&#8221;default&#8221; column_direction_tablet=&#8221;default&#8221; column_direction_phone=&#8221;default&#8221; scene_position=&#8221;center&#8221; text_color=&#8221;dark&#8221; text_align=&#8221;left&#8221; row_border_radius=&#8221;none&#8221; row_border_radius_applies=&#8221;bg&#8221; overflow=&#8221;visible&#8221; overlay_strength=&#8221;0.3&#8243; gradient_direction=&#8221;left_to_right&#8221; shape_divider_position=&#8221;bottom&#8221; bg_image_animation=&#8221;none&#8221;][vc_column column_padding=&#8221;no-extra-padding&#8221; column_padding_tablet=&#8221;inherit&#8221; column_padding_phone=&#8221;inherit&#8221; column_padding_position=&#8221;all&#8221; column_element_direction_desktop=&#8221;default&#8221; column_element_spacing=&#8221;default&#8221; desktop_text_alignment=&#8221;default&#8221; tablet_text_alignment=&#8221;default&#8221; phone_text_alignment=&#8221;default&#8221; background_color_opacity=&#8221;1&#8243; background_hover_color_opacity=&#8221;1&#8243; column_backdrop_filter=&#8221;none&#8221; column_shadow=&#8221;none&#8221; column_border_radius=&#8221;none&#8221; column_link_target=&#8221;_self&#8221; column_position=&#8221;default&#8221; gradient_direction=&#8221;left_to_right&#8221; overlay_strength=&#8221;0.3&#8243; width=&#8221;1\/1&#8243; tablet_width_inherit=&#8221;default&#8221; animation_type=&#8221;default&#8221; bg_image_animation=&#8221;none&#8221; border_type=&#8221;simple&#8221; column_border_width=&#8221;none&#8221; column_border_style=&#8221;solid&#8221;][vc_custom_heading text=&#8221;KATEDRAALI SOI! -VECKAN INLEDS MED CELLISTEN SENJA RUMMUKAINENS&#8230;<\/p>\n","protected":false},"author":2,"featured_media":16127,"comment_status":"closed","ping_status":"open","sticky":false,"template":"","format":"standard","meta":{"_improvement_type_select":"improve_an_existing","_thumb_yes_seoaic":false,"_frame_yes_seoaic":false,"seoaic_generate_description":"","seoaic_improve_instructions_prompt":"","seoaic_rollback_content_improvement":"","seoaic_idea_thumbnail_generator":"","thumbnail_generated":false,"thumbnail_generate_prompt":"","seoaic_article_description":"","seoaic_article_subtitles":[],"footnotes":""},"categories":[33],"tags":[],"class_list":{"0":"post-16120","1":"post","2":"type-post","3":"status-publish","4":"format-standard","5":"has-post-thumbnail","7":"category-blogg"},"yoast_head":"<!-- This site is optimized with the Yoast SEO plugin v27.4 - https:\/\/yoast.com\/product\/yoast-seo-wordpress\/ -->\n<title>Katedraali soi! -veckan inleds med cellisten Senja Rummukainens solokonsert i \u00c5bo domkyrka | Turun musiikkijuhlat<\/title>\n<meta name=\"robots\" content=\"index, follow, max-snippet:-1, max-image-preview:large, max-video-preview:-1\" \/>\n<link rel=\"canonical\" href=\"https:\/\/turunmusiikkijuhlat.fi\/sv\/katedraali-soi-viikko-kaynnistyy-sellisti-senja-rummukaisen-soolokonsertilla-turun-tuomiokirkossa\" \/>\n<meta property=\"og:locale\" content=\"sv_SE\" \/>\n<meta property=\"og:type\" content=\"article\" \/>\n<meta property=\"og:title\" content=\"Katedraali soi! -veckan inleds med cellisten Senja Rummukainens solokonsert i \u00c5bo domkyrka | Turun musiikkijuhlat\" \/>\n<meta property=\"og:description\" content=\"[vc_row type=&#8221;in_container&#8221; full_screen_row_position=&#8221;middle&#8221; column_margin=&#8221;default&#8221; column_direction=&#8221;default&#8221; column_direction_tablet=&#8221;default&#8221; column_direction_phone=&#8221;default&#8221; scene_position=&#8221;center&#8221; text_color=&#8221;dark&#8221; text_align=&#8221;left&#8221; row_border_radius=&#8221;none&#8221; row_border_radius_applies=&#8221;bg&#8221; overflow=&#8221;visible&#8221; overlay_strength=&#8221;0.3&#8243; gradient_direction=&#8221;left_to_right&#8221; shape_divider_position=&#8221;bottom&#8221; bg_image_animation=&#8221;none&#8221;][vc_column column_padding=&#8221;no-extra-padding&#8221; column_padding_tablet=&#8221;inherit&#8221; column_padding_phone=&#8221;inherit&#8221; column_padding_position=&#8221;all&#8221; column_element_direction_desktop=&#8221;default&#8221; column_element_spacing=&#8221;default&#8221; desktop_text_alignment=&#8221;default&#8221; tablet_text_alignment=&#8221;default&#8221; phone_text_alignment=&#8221;default&#8221; background_color_opacity=&#8221;1&#8243; background_hover_color_opacity=&#8221;1&#8243; column_backdrop_filter=&#8221;none&#8221; column_shadow=&#8221;none&#8221; column_border_radius=&#8221;none&#8221; column_link_target=&#8221;_self&#8221; column_position=&#8221;default&#8221; gradient_direction=&#8221;left_to_right&#8221; overlay_strength=&#8221;0.3&#8243; width=&#8221;1\/1&#8243; tablet_width_inherit=&#8221;default&#8221; animation_type=&#8221;default&#8221; bg_image_animation=&#8221;none&#8221; border_type=&#8221;simple&#8221; column_border_width=&#8221;none&#8221; column_border_style=&#8221;solid&#8221;][vc_custom_heading text=&#8221;KATEDRAALI SOI! -VECKAN INLEDS MED CELLISTEN SENJA RUMMUKAINENS...\" \/>\n<meta property=\"og:url\" content=\"https:\/\/turunmusiikkijuhlat.fi\/sv\/katedraali-soi-viikko-kaynnistyy-sellisti-senja-rummukaisen-soolokonsertilla-turun-tuomiokirkossa\" \/>\n<meta property=\"og:site_name\" content=\"Turun musiikkijuhlat\" \/>\n<meta property=\"article:publisher\" content=\"https:\/\/www.facebook.com\/Turunmusiikkijuhlat\/\" \/>\n<meta property=\"article:published_time\" content=\"2024-12-18T09:56:47+00:00\" \/>\n<meta property=\"article:modified_time\" content=\"2024-12-18T10:05:31+00:00\" \/>\n<meta property=\"og:image\" content=\"https:\/\/turunmusiikkijuhlat.fi\/wp-content\/uploads\/2024\/12\/STT_SenjaRummukainen1920x1080.png\" \/>\n\t<meta property=\"og:image:width\" content=\"1920\" \/>\n\t<meta property=\"og:image:height\" content=\"1080\" \/>\n\t<meta property=\"og:image:type\" content=\"image\/png\" \/>\n<meta name=\"author\" content=\"Eveliina Salminen\" \/>\n<meta name=\"twitter:card\" content=\"summary_large_image\" \/>\n<meta name=\"twitter:creator\" content=\"@TurkuMusicFest\" \/>\n<meta name=\"twitter:site\" content=\"@TurkuMusicFest\" \/>\n<meta name=\"twitter:label1\" content=\"Skriven av\" \/>\n\t<meta name=\"twitter:data1\" content=\"Eveliina Salminen\" \/>\n\t<meta name=\"twitter:label2\" content=\"Ber\u00e4knad l\u00e4stid\" \/>\n\t<meta name=\"twitter:data2\" content=\"4 minuter\" \/>\n<script type=\"application\/ld+json\" class=\"yoast-schema-graph\">{\"@context\":\"https:\\\/\\\/schema.org\",\"@graph\":[{\"@type\":\"Article\",\"@id\":\"https:\\\/\\\/turunmusiikkijuhlat.fi\\\/sv\\\/katedraali-soi-viikko-kaynnistyy-sellisti-senja-rummukaisen-soolokonsertilla-turun-tuomiokirkossa#article\",\"isPartOf\":{\"@id\":\"https:\\\/\\\/turunmusiikkijuhlat.fi\\\/sv\\\/katedraali-soi-viikko-kaynnistyy-sellisti-senja-rummukaisen-soolokonsertilla-turun-tuomiokirkossa\"},\"author\":{\"name\":\"Eveliina Salminen\",\"@id\":\"https:\\\/\\\/turunmusiikkijuhlat.fi\\\/sv#\\\/schema\\\/person\\\/a13da56a0233d63a74c01ff90b381440\"},\"headline\":\"Katedraali soi! -veckan inleds med cellisten Senja Rummukainens solokonsert i \u00c5bo domkyrka\",\"datePublished\":\"2024-12-18T09:56:47+00:00\",\"dateModified\":\"2024-12-18T10:05:31+00:00\",\"mainEntityOfPage\":{\"@id\":\"https:\\\/\\\/turunmusiikkijuhlat.fi\\\/sv\\\/katedraali-soi-viikko-kaynnistyy-sellisti-senja-rummukaisen-soolokonsertilla-turun-tuomiokirkossa\"},\"wordCount\":776,\"publisher\":{\"@id\":\"https:\\\/\\\/turunmusiikkijuhlat.fi\\\/sv#organization\"},\"image\":{\"@id\":\"https:\\\/\\\/turunmusiikkijuhlat.fi\\\/sv\\\/katedraali-soi-viikko-kaynnistyy-sellisti-senja-rummukaisen-soolokonsertilla-turun-tuomiokirkossa#primaryimage\"},\"thumbnailUrl\":\"https:\\\/\\\/turunmusiikkijuhlat.fi\\\/wp-content\\\/uploads\\\/2024\\\/12\\\/STT_SenjaRummukainen1920x1080.png\",\"articleSection\":[\"Blogg\"],\"inLanguage\":\"sv-SE\"},{\"@type\":\"WebPage\",\"@id\":\"https:\\\/\\\/turunmusiikkijuhlat.fi\\\/sv\\\/katedraali-soi-viikko-kaynnistyy-sellisti-senja-rummukaisen-soolokonsertilla-turun-tuomiokirkossa\",\"url\":\"https:\\\/\\\/turunmusiikkijuhlat.fi\\\/sv\\\/katedraali-soi-viikko-kaynnistyy-sellisti-senja-rummukaisen-soolokonsertilla-turun-tuomiokirkossa\",\"name\":\"Katedraali soi! -veckan inleds med cellisten Senja Rummukainens solokonsert i \u00c5bo domkyrka | Turun musiikkijuhlat\",\"isPartOf\":{\"@id\":\"https:\\\/\\\/turunmusiikkijuhlat.fi\\\/sv#website\"},\"primaryImageOfPage\":{\"@id\":\"https:\\\/\\\/turunmusiikkijuhlat.fi\\\/sv\\\/katedraali-soi-viikko-kaynnistyy-sellisti-senja-rummukaisen-soolokonsertilla-turun-tuomiokirkossa#primaryimage\"},\"image\":{\"@id\":\"https:\\\/\\\/turunmusiikkijuhlat.fi\\\/sv\\\/katedraali-soi-viikko-kaynnistyy-sellisti-senja-rummukaisen-soolokonsertilla-turun-tuomiokirkossa#primaryimage\"},\"thumbnailUrl\":\"https:\\\/\\\/turunmusiikkijuhlat.fi\\\/wp-content\\\/uploads\\\/2024\\\/12\\\/STT_SenjaRummukainen1920x1080.png\",\"datePublished\":\"2024-12-18T09:56:47+00:00\",\"dateModified\":\"2024-12-18T10:05:31+00:00\",\"breadcrumb\":{\"@id\":\"https:\\\/\\\/turunmusiikkijuhlat.fi\\\/sv\\\/katedraali-soi-viikko-kaynnistyy-sellisti-senja-rummukaisen-soolokonsertilla-turun-tuomiokirkossa#breadcrumb\"},\"inLanguage\":\"sv-SE\",\"potentialAction\":[{\"@type\":\"ReadAction\",\"target\":[\"https:\\\/\\\/turunmusiikkijuhlat.fi\\\/sv\\\/katedraali-soi-viikko-kaynnistyy-sellisti-senja-rummukaisen-soolokonsertilla-turun-tuomiokirkossa\"]}]},{\"@type\":\"ImageObject\",\"inLanguage\":\"sv-SE\",\"@id\":\"https:\\\/\\\/turunmusiikkijuhlat.fi\\\/sv\\\/katedraali-soi-viikko-kaynnistyy-sellisti-senja-rummukaisen-soolokonsertilla-turun-tuomiokirkossa#primaryimage\",\"url\":\"https:\\\/\\\/turunmusiikkijuhlat.fi\\\/wp-content\\\/uploads\\\/2024\\\/12\\\/STT_SenjaRummukainen1920x1080.png\",\"contentUrl\":\"https:\\\/\\\/turunmusiikkijuhlat.fi\\\/wp-content\\\/uploads\\\/2024\\\/12\\\/STT_SenjaRummukainen1920x1080.png\",\"width\":1920,\"height\":1080},{\"@type\":\"BreadcrumbList\",\"@id\":\"https:\\\/\\\/turunmusiikkijuhlat.fi\\\/sv\\\/katedraali-soi-viikko-kaynnistyy-sellisti-senja-rummukaisen-soolokonsertilla-turun-tuomiokirkossa#breadcrumb\",\"itemListElement\":[{\"@type\":\"ListItem\",\"position\":1,\"name\":\"Etusivu\",\"item\":\"https:\\\/\\\/turunmusiikkijuhlat.fi\\\/sv\"},{\"@type\":\"ListItem\",\"position\":2,\"name\":\"Katedraali soi! -veckan inleds med cellisten Senja Rummukainens solokonsert i \u00c5bo domkyrka\"}]},{\"@type\":\"WebSite\",\"@id\":\"https:\\\/\\\/turunmusiikkijuhlat.fi\\\/sv#website\",\"url\":\"https:\\\/\\\/turunmusiikkijuhlat.fi\\\/sv\",\"name\":\"Turun musiikkijuhlat\",\"description\":\"Suomen vanhin yht\u00e4jaksoisesti toiminut musiikkifestivaali.\",\"publisher\":{\"@id\":\"https:\\\/\\\/turunmusiikkijuhlat.fi\\\/sv#organization\"},\"potentialAction\":[{\"@type\":\"SearchAction\",\"target\":{\"@type\":\"EntryPoint\",\"urlTemplate\":\"https:\\\/\\\/turunmusiikkijuhlat.fi\\\/sv?s={search_term_string}\"},\"query-input\":{\"@type\":\"PropertyValueSpecification\",\"valueRequired\":true,\"valueName\":\"search_term_string\"}}],\"inLanguage\":\"sv-SE\"},{\"@type\":\"Organization\",\"@id\":\"https:\\\/\\\/turunmusiikkijuhlat.fi\\\/sv#organization\",\"name\":\"Turun Musiikkijuhlat\",\"url\":\"https:\\\/\\\/turunmusiikkijuhlat.fi\\\/sv\",\"logo\":{\"@type\":\"ImageObject\",\"inLanguage\":\"sv-SE\",\"@id\":\"https:\\\/\\\/turunmusiikkijuhlat.fi\\\/sv#\\\/schema\\\/logo\\\/image\\\/\",\"url\":\"https:\\\/\\\/turunmusiikkijuhlat.fi\\\/wp-content\\\/uploads\\\/2022\\\/04\\\/TMJ_logo_RGB_500px.png\",\"contentUrl\":\"https:\\\/\\\/turunmusiikkijuhlat.fi\\\/wp-content\\\/uploads\\\/2022\\\/04\\\/TMJ_logo_RGB_500px.png\",\"width\":500,\"height\":151,\"caption\":\"Turun Musiikkijuhlat\"},\"image\":{\"@id\":\"https:\\\/\\\/turunmusiikkijuhlat.fi\\\/sv#\\\/schema\\\/logo\\\/image\\\/\"},\"sameAs\":[\"https:\\\/\\\/www.facebook.com\\\/Turunmusiikkijuhlat\\\/\",\"https:\\\/\\\/x.com\\\/TurkuMusicFest\",\"https:\\\/\\\/www.instagram.com\\\/turkumusicfestival\\\/\",\"https:\\\/\\\/www.youtube.com\\\/user\\\/Turkumusic\"]},{\"@type\":\"Person\",\"@id\":\"https:\\\/\\\/turunmusiikkijuhlat.fi\\\/sv#\\\/schema\\\/person\\\/a13da56a0233d63a74c01ff90b381440\",\"name\":\"Eveliina Salminen\"}]}<\/script>\n<!-- \/ Yoast SEO plugin. -->","yoast_head_json":{"title":"Katedraali soi! -veckan inleds med cellisten Senja Rummukainens solokonsert i \u00c5bo domkyrka | Turun musiikkijuhlat","robots":{"index":"index","follow":"follow","max-snippet":"max-snippet:-1","max-image-preview":"max-image-preview:large","max-video-preview":"max-video-preview:-1"},"canonical":"https:\/\/turunmusiikkijuhlat.fi\/sv\/katedraali-soi-viikko-kaynnistyy-sellisti-senja-rummukaisen-soolokonsertilla-turun-tuomiokirkossa","og_locale":"sv_SE","og_type":"article","og_title":"Katedraali soi! -veckan inleds med cellisten Senja Rummukainens solokonsert i \u00c5bo domkyrka | Turun musiikkijuhlat","og_description":"[vc_row type=&#8221;in_container&#8221; full_screen_row_position=&#8221;middle&#8221; column_margin=&#8221;default&#8221; column_direction=&#8221;default&#8221; column_direction_tablet=&#8221;default&#8221; column_direction_phone=&#8221;default&#8221; scene_position=&#8221;center&#8221; text_color=&#8221;dark&#8221; text_align=&#8221;left&#8221; row_border_radius=&#8221;none&#8221; row_border_radius_applies=&#8221;bg&#8221; overflow=&#8221;visible&#8221; overlay_strength=&#8221;0.3&#8243; gradient_direction=&#8221;left_to_right&#8221; shape_divider_position=&#8221;bottom&#8221; bg_image_animation=&#8221;none&#8221;][vc_column column_padding=&#8221;no-extra-padding&#8221; column_padding_tablet=&#8221;inherit&#8221; column_padding_phone=&#8221;inherit&#8221; column_padding_position=&#8221;all&#8221; column_element_direction_desktop=&#8221;default&#8221; column_element_spacing=&#8221;default&#8221; desktop_text_alignment=&#8221;default&#8221; tablet_text_alignment=&#8221;default&#8221; phone_text_alignment=&#8221;default&#8221; background_color_opacity=&#8221;1&#8243; background_hover_color_opacity=&#8221;1&#8243; column_backdrop_filter=&#8221;none&#8221; column_shadow=&#8221;none&#8221; column_border_radius=&#8221;none&#8221; column_link_target=&#8221;_self&#8221; column_position=&#8221;default&#8221; gradient_direction=&#8221;left_to_right&#8221; overlay_strength=&#8221;0.3&#8243; width=&#8221;1\/1&#8243; tablet_width_inherit=&#8221;default&#8221; animation_type=&#8221;default&#8221; bg_image_animation=&#8221;none&#8221; border_type=&#8221;simple&#8221; column_border_width=&#8221;none&#8221; column_border_style=&#8221;solid&#8221;][vc_custom_heading text=&#8221;KATEDRAALI SOI! -VECKAN INLEDS MED CELLISTEN SENJA RUMMUKAINENS...","og_url":"https:\/\/turunmusiikkijuhlat.fi\/sv\/katedraali-soi-viikko-kaynnistyy-sellisti-senja-rummukaisen-soolokonsertilla-turun-tuomiokirkossa","og_site_name":"Turun musiikkijuhlat","article_publisher":"https:\/\/www.facebook.com\/Turunmusiikkijuhlat\/","article_published_time":"2024-12-18T09:56:47+00:00","article_modified_time":"2024-12-18T10:05:31+00:00","og_image":[{"width":1920,"height":1080,"url":"https:\/\/turunmusiikkijuhlat.fi\/wp-content\/uploads\/2024\/12\/STT_SenjaRummukainen1920x1080.png","type":"image\/png"}],"author":"Eveliina Salminen","twitter_card":"summary_large_image","twitter_creator":"@TurkuMusicFest","twitter_site":"@TurkuMusicFest","twitter_misc":{"Skriven av":"Eveliina Salminen","Ber\u00e4knad l\u00e4stid":"4 minuter"},"schema":{"@context":"https:\/\/schema.org","@graph":[{"@type":"Article","@id":"https:\/\/turunmusiikkijuhlat.fi\/sv\/katedraali-soi-viikko-kaynnistyy-sellisti-senja-rummukaisen-soolokonsertilla-turun-tuomiokirkossa#article","isPartOf":{"@id":"https:\/\/turunmusiikkijuhlat.fi\/sv\/katedraali-soi-viikko-kaynnistyy-sellisti-senja-rummukaisen-soolokonsertilla-turun-tuomiokirkossa"},"author":{"name":"Eveliina Salminen","@id":"https:\/\/turunmusiikkijuhlat.fi\/sv#\/schema\/person\/a13da56a0233d63a74c01ff90b381440"},"headline":"Katedraali soi! -veckan inleds med cellisten Senja Rummukainens solokonsert i \u00c5bo domkyrka","datePublished":"2024-12-18T09:56:47+00:00","dateModified":"2024-12-18T10:05:31+00:00","mainEntityOfPage":{"@id":"https:\/\/turunmusiikkijuhlat.fi\/sv\/katedraali-soi-viikko-kaynnistyy-sellisti-senja-rummukaisen-soolokonsertilla-turun-tuomiokirkossa"},"wordCount":776,"publisher":{"@id":"https:\/\/turunmusiikkijuhlat.fi\/sv#organization"},"image":{"@id":"https:\/\/turunmusiikkijuhlat.fi\/sv\/katedraali-soi-viikko-kaynnistyy-sellisti-senja-rummukaisen-soolokonsertilla-turun-tuomiokirkossa#primaryimage"},"thumbnailUrl":"https:\/\/turunmusiikkijuhlat.fi\/wp-content\/uploads\/2024\/12\/STT_SenjaRummukainen1920x1080.png","articleSection":["Blogg"],"inLanguage":"sv-SE"},{"@type":"WebPage","@id":"https:\/\/turunmusiikkijuhlat.fi\/sv\/katedraali-soi-viikko-kaynnistyy-sellisti-senja-rummukaisen-soolokonsertilla-turun-tuomiokirkossa","url":"https:\/\/turunmusiikkijuhlat.fi\/sv\/katedraali-soi-viikko-kaynnistyy-sellisti-senja-rummukaisen-soolokonsertilla-turun-tuomiokirkossa","name":"Katedraali soi! -veckan inleds med cellisten Senja Rummukainens solokonsert i \u00c5bo domkyrka | Turun musiikkijuhlat","isPartOf":{"@id":"https:\/\/turunmusiikkijuhlat.fi\/sv#website"},"primaryImageOfPage":{"@id":"https:\/\/turunmusiikkijuhlat.fi\/sv\/katedraali-soi-viikko-kaynnistyy-sellisti-senja-rummukaisen-soolokonsertilla-turun-tuomiokirkossa#primaryimage"},"image":{"@id":"https:\/\/turunmusiikkijuhlat.fi\/sv\/katedraali-soi-viikko-kaynnistyy-sellisti-senja-rummukaisen-soolokonsertilla-turun-tuomiokirkossa#primaryimage"},"thumbnailUrl":"https:\/\/turunmusiikkijuhlat.fi\/wp-content\/uploads\/2024\/12\/STT_SenjaRummukainen1920x1080.png","datePublished":"2024-12-18T09:56:47+00:00","dateModified":"2024-12-18T10:05:31+00:00","breadcrumb":{"@id":"https:\/\/turunmusiikkijuhlat.fi\/sv\/katedraali-soi-viikko-kaynnistyy-sellisti-senja-rummukaisen-soolokonsertilla-turun-tuomiokirkossa#breadcrumb"},"inLanguage":"sv-SE","potentialAction":[{"@type":"ReadAction","target":["https:\/\/turunmusiikkijuhlat.fi\/sv\/katedraali-soi-viikko-kaynnistyy-sellisti-senja-rummukaisen-soolokonsertilla-turun-tuomiokirkossa"]}]},{"@type":"ImageObject","inLanguage":"sv-SE","@id":"https:\/\/turunmusiikkijuhlat.fi\/sv\/katedraali-soi-viikko-kaynnistyy-sellisti-senja-rummukaisen-soolokonsertilla-turun-tuomiokirkossa#primaryimage","url":"https:\/\/turunmusiikkijuhlat.fi\/wp-content\/uploads\/2024\/12\/STT_SenjaRummukainen1920x1080.png","contentUrl":"https:\/\/turunmusiikkijuhlat.fi\/wp-content\/uploads\/2024\/12\/STT_SenjaRummukainen1920x1080.png","width":1920,"height":1080},{"@type":"BreadcrumbList","@id":"https:\/\/turunmusiikkijuhlat.fi\/sv\/katedraali-soi-viikko-kaynnistyy-sellisti-senja-rummukaisen-soolokonsertilla-turun-tuomiokirkossa#breadcrumb","itemListElement":[{"@type":"ListItem","position":1,"name":"Etusivu","item":"https:\/\/turunmusiikkijuhlat.fi\/sv"},{"@type":"ListItem","position":2,"name":"Katedraali soi! -veckan inleds med cellisten Senja Rummukainens solokonsert i \u00c5bo domkyrka"}]},{"@type":"WebSite","@id":"https:\/\/turunmusiikkijuhlat.fi\/sv#website","url":"https:\/\/turunmusiikkijuhlat.fi\/sv","name":"Turun musiikkijuhlat","description":"Suomen vanhin yht\u00e4jaksoisesti toiminut musiikkifestivaali.","publisher":{"@id":"https:\/\/turunmusiikkijuhlat.fi\/sv#organization"},"potentialAction":[{"@type":"SearchAction","target":{"@type":"EntryPoint","urlTemplate":"https:\/\/turunmusiikkijuhlat.fi\/sv?s={search_term_string}"},"query-input":{"@type":"PropertyValueSpecification","valueRequired":true,"valueName":"search_term_string"}}],"inLanguage":"sv-SE"},{"@type":"Organization","@id":"https:\/\/turunmusiikkijuhlat.fi\/sv#organization","name":"Turun Musiikkijuhlat","url":"https:\/\/turunmusiikkijuhlat.fi\/sv","logo":{"@type":"ImageObject","inLanguage":"sv-SE","@id":"https:\/\/turunmusiikkijuhlat.fi\/sv#\/schema\/logo\/image\/","url":"https:\/\/turunmusiikkijuhlat.fi\/wp-content\/uploads\/2022\/04\/TMJ_logo_RGB_500px.png","contentUrl":"https:\/\/turunmusiikkijuhlat.fi\/wp-content\/uploads\/2022\/04\/TMJ_logo_RGB_500px.png","width":500,"height":151,"caption":"Turun Musiikkijuhlat"},"image":{"@id":"https:\/\/turunmusiikkijuhlat.fi\/sv#\/schema\/logo\/image\/"},"sameAs":["https:\/\/www.facebook.com\/Turunmusiikkijuhlat\/","https:\/\/x.com\/TurkuMusicFest","https:\/\/www.instagram.com\/turkumusicfestival\/","https:\/\/www.youtube.com\/user\/Turkumusic"]},{"@type":"Person","@id":"https:\/\/turunmusiikkijuhlat.fi\/sv#\/schema\/person\/a13da56a0233d63a74c01ff90b381440","name":"Eveliina Salminen"}]}},"_links":{"self":[{"href":"https:\/\/turunmusiikkijuhlat.fi\/sv\/wp-json\/wp\/v2\/posts\/16120","targetHints":{"allow":["GET"]}}],"collection":[{"href":"https:\/\/turunmusiikkijuhlat.fi\/sv\/wp-json\/wp\/v2\/posts"}],"about":[{"href":"https:\/\/turunmusiikkijuhlat.fi\/sv\/wp-json\/wp\/v2\/types\/post"}],"author":[{"embeddable":true,"href":"https:\/\/turunmusiikkijuhlat.fi\/sv\/wp-json\/wp\/v2\/users\/2"}],"replies":[{"embeddable":true,"href":"https:\/\/turunmusiikkijuhlat.fi\/sv\/wp-json\/wp\/v2\/comments?post=16120"}],"version-history":[{"count":0,"href":"https:\/\/turunmusiikkijuhlat.fi\/sv\/wp-json\/wp\/v2\/posts\/16120\/revisions"}],"wp:featuredmedia":[{"embeddable":true,"href":"https:\/\/turunmusiikkijuhlat.fi\/sv\/wp-json\/wp\/v2\/media\/16127"}],"wp:attachment":[{"href":"https:\/\/turunmusiikkijuhlat.fi\/sv\/wp-json\/wp\/v2\/media?parent=16120"}],"wp:term":[{"taxonomy":"category","embeddable":true,"href":"https:\/\/turunmusiikkijuhlat.fi\/sv\/wp-json\/wp\/v2\/categories?post=16120"},{"taxonomy":"post_tag","embeddable":true,"href":"https:\/\/turunmusiikkijuhlat.fi\/sv\/wp-json\/wp\/v2\/tags?post=16120"}],"curies":[{"name":"wp","href":"https:\/\/api.w.org\/{rel}","templated":true}]}}