{"id":14058,"date":"2024-05-30T09:22:54","date_gmt":"2024-05-30T06:22:54","guid":{"rendered":"https:\/\/turunmusiikkijuhlat.fi\/?p=14058"},"modified":"2024-05-30T09:31:51","modified_gmt":"2024-05-30T06:31:51","slug":"lauri-porra-blir-konstnarlig-ledare-for-abo-musikfestspel-fran-2025","status":"publish","type":"post","link":"https:\/\/turunmusiikkijuhlat.fi\/sv\/lauri-porra-blir-konstnarlig-ledare-for-abo-musikfestspel-fran-2025","title":{"rendered":"LAURI PORRA BLIR KONSTN\u00c4RLIG LEDARE F\u00d6R \u00c5BO MUSIKFESTSPEL FR\u00c5N 2025"},"content":{"rendered":"[vc_row type=&#8221;in_container&#8221; full_screen_row_position=&#8221;middle&#8221; column_margin=&#8221;default&#8221; column_direction=&#8221;default&#8221; column_direction_tablet=&#8221;default&#8221; column_direction_phone=&#8221;default&#8221; scene_position=&#8221;center&#8221; text_color=&#8221;dark&#8221; text_align=&#8221;left&#8221; row_border_radius=&#8221;none&#8221; row_border_radius_applies=&#8221;bg&#8221; overflow=&#8221;visible&#8221; overlay_strength=&#8221;0.3&#8243; gradient_direction=&#8221;left_to_right&#8221; shape_divider_position=&#8221;bottom&#8221; bg_image_animation=&#8221;none&#8221;][vc_column column_padding=&#8221;no-extra-padding&#8221; column_padding_tablet=&#8221;inherit&#8221; column_padding_phone=&#8221;inherit&#8221; column_padding_position=&#8221;all&#8221; column_element_direction_desktop=&#8221;default&#8221; column_element_spacing=&#8221;default&#8221; desktop_text_alignment=&#8221;default&#8221; tablet_text_alignment=&#8221;default&#8221; phone_text_alignment=&#8221;default&#8221; background_color_opacity=&#8221;1&#8243; background_hover_color_opacity=&#8221;1&#8243; column_backdrop_filter=&#8221;none&#8221; column_shadow=&#8221;none&#8221; column_border_radius=&#8221;none&#8221; column_link_target=&#8221;_self&#8221; column_position=&#8221;default&#8221; gradient_direction=&#8221;left_to_right&#8221; overlay_strength=&#8221;0.3&#8243; width=&#8221;1\/1&#8243; tablet_width_inherit=&#8221;default&#8221; animation_type=&#8221;default&#8221; bg_image_animation=&#8221;none&#8221; border_type=&#8221;simple&#8221; column_border_width=&#8221;none&#8221; column_border_style=&#8221;solid&#8221;][vc_custom_heading text=&#8221;LAURI PORRA BLIR KONSTN\u00c4RLIG LEDARE F\u00d6R \u00c5BO MUSIKFESTSPEL FR\u00c5N 2025&#8243; font_container=&#8221;tag:h2|text_align:left|color:%23bc9634&#8243; use_theme_fonts=&#8221;yes&#8221; css=&#8221;&#8221;][vc_custom_heading text=&#8221;30.05.2024&#8243; font_container=&#8221;tag:h4|text_align:left|color:%23ee92c2&#8243; use_theme_fonts=&#8221;yes&#8221; css=&#8221;&#8221;][divider line_type=&#8221;No Line&#8221; custom_height=&#8221;30&#8243;][image_with_animation image_url=&#8221;14063&#8243; image_size=&#8221;full&#8221; animation_type=&#8221;entrance&#8221; animation=&#8221;None&#8221; animation_movement_type=&#8221;transform_y&#8221; hover_animation=&#8221;none&#8221; alignment=&#8221;&#8221; border_radius=&#8221;none&#8221; box_shadow=&#8221;none&#8221; image_loading=&#8221;default&#8221; max_width=&#8221;100%&#8221; max_width_mobile=&#8221;default&#8221;][vc_column_text css=&#8221;&#8221; text_direction=&#8221;default&#8221;]Bild: Jarmo Katila[\/vc_column_text][vc_column_text css=&#8221;&#8221; text_direction=&#8221;default&#8221;]<strong>I sommar arrangeras \u00c5bo musikfestspel f\u00f6r 65:e g\u00e5ngen, 5\u201331 augusti. Som residenskonstn\u00e4r vid Finlands \u00e4ldsta kontinuerligt arrangerade musikfestival fungerar Aliisa Neige Barri\u00e8re, och hon har planerat en helhet best\u00e5ende av tre konserter f\u00f6r sommarens festival.\u00a0<\/strong><\/p>\n<p><strong>Fr\u00e5n och med 2025 \u00e4r tons\u00e4ttaren och musikern Lauri Porra konstn\u00e4rlig ledare f\u00f6r \u00c5bo musikfestspel. Hans kontrakt t\u00e4cker \u00e5ren 2025\u20132027. H\u00f6gklassig klassisk musik utg\u00f6r festivalens k\u00e4rna, men under de senaste \u00e5ren har utbudet breddats \u00e4nnu mer \u00e4n tidigare, och inslagen av tv\u00e4rkonstn\u00e4rlighet och olika partnerskap har \u00f6kat. Vid huvudevenemanget i augusti h\u00e5lls \u00e5rligen ett trettiotal konserter.\u00a0\u00a0<\/strong>[\/vc_column_text][vc_column_text css=&#8221;&#8221; text_direction=&#8221;default&#8221;]<span data-contrast=\"auto\">Styrelsen vid Stiftelsen f\u00f6r \u00c5bo musikfestspel har valt tons\u00e4ttaren och musikern Lauri Porra till konstn\u00e4rlig ledare f\u00f6r \u00c5bo musikfestspel. Han tar genast itu med programplaneringen f\u00f6r 2025.<\/span><span data-ccp-props=\"{&quot;201341983&quot;:0,&quot;335551550&quot;:6,&quot;335551620&quot;:6,&quot;335559739&quot;:0,&quot;335559740&quot;:240}\">\u00a0<\/span><\/p>\n<p><span data-contrast=\"none\"><em>\u201dVi \u00e4r stolta och glada \u00f6ver att f\u00e5 Lauri Porra som konstn\u00e4rlig ledare f\u00f6r \u00c5bo musikfestspel. Vi har ambiti\u00f6sa planer och Porras m\u00e5ngsidiga erfarenhet och kunnande passar utm\u00e4rkt f\u00f6r att fr\u00e4mja dem. Han har f\u00f6rst\u00e5else f\u00f6r potentialen i de upplevelser \u00c5bo musikfestspel kan erbjuda och kan visa prov p\u00e5 hur man framg\u00e5ngsrikt f\u00f6rverkligar konstn\u00e4rliga visioner \u00e4ven i praktiken. Det k\u00e4nns fint att f\u00e5 arbeta med honom<\/em>\u201d, kommenterar<strong> Saara-Sofia Sir\u00e9n<\/strong>, styrelseordf\u00f6rande vid Stiftelsen f\u00f6r \u00c5bo musikfestspel.<\/span><span data-ccp-props=\"{&quot;201341983&quot;:0,&quot;335557856&quot;:16777215,&quot;335559738&quot;:0,&quot;335559739&quot;:0,&quot;335559740&quot;:240}\">\u00a0<\/span><\/p>\n<p><span data-contrast=\"auto\"><em>\u201dLauri Porra \u00e4r en synnerligen m\u00e5ngsidig konstn\u00e4r, med brett kunnande och intresse f\u00f6r allehanda saker. K\u00e4rnan i \u00c5bo musikfestspel utg\u00f6rs av klassisk musik och opera, men vi vill hela tiden g\u00f6ra v\u00e5rt utbud allt m\u00e5ngsidigare och locka en m\u00f6jligast stor kulturintresserad publik till v\u00e5ra evenemang. V\u00e5r strategi har varit att bygga upp ett program som h\u00e5ller f\u00f6r j\u00e4mf\u00f6relse med internationella akt\u00f6rer, eftersom vi tror f\u00f6r fullt p\u00e5 \u00c5bos potential inom kulturturismen. M\u00e5let \u00e4r alltid att erbjuda \u00c5boborna och den finl\u00e4ndska publiken unika upplevelser p\u00e5 unika platser, men dessutom vill vi p\u00e5 allvar bygga upp \u00c5bos internationella dragningskraft och kulturbrand \u2013 vi betraktar oss som en del av regionens turismsektor. Festivalens uppgift \u00e4r att fr\u00e4mja regionens f\u00f6rm\u00e5ga att dra till sig m\u00e4nniskor och ocks\u00e5 h\u00e5lla dem kvar. I framtiden \u00e4r v\u00e5rt m\u00e5l att \u00c5bo tack vare musikhuset Fuga, Museum f\u00f6r historia och framtiden samt det kommande 800-\u00e5rsjubileet profilerar sig som ett m\u00e5l f\u00f6r kulturturism, som \u00e4r j\u00e4mf\u00f6rbart med de nordiska huvudst\u00e4derna. Vi tror p\u00e5 att Lauri Porra har f\u00f6rm\u00e5gan att tillsammans med oss se de m\u00f6jligheter framtiden erbjuder och hj\u00e4lpa oss att bygga nya slags partnerskap<\/em>\u201d, konstaterar\u00a0<strong>Liisa Ketom\u00e4ki<\/strong>, VD vid Stiftelsen f\u00f6r \u00c5bo musikfestspel.<\/span><span data-ccp-props=\"{&quot;201341983&quot;:0,&quot;335551550&quot;:6,&quot;335551620&quot;:6,&quot;335557856&quot;:16777215,&quot;335559738&quot;:0,&quot;335559739&quot;:0,&quot;335559740&quot;:240}\">\u00a0<\/span><\/p>\n<p><em>\u201dDet \u00e4r en stor \u00e4ra f\u00f6r mig att bli konstn\u00e4rlig ledare f\u00f6r \u00c5bo musikfestspel fr\u00e5n 2025.\u00a0I centrum f\u00f6r \u00c5bo musikfestspel st\u00e5r den klassiska musiken, och jag upplever att likav\u00e4l den som musiken framsprungen ur den klassiska traditionen upplever ett slags ren\u00e4ssans just nu. Under de senaste \u00e5ren har vi kunnat se ny publik, intressanta nya akt\u00f6rer och nya s\u00e4tt att arbeta och upptr\u00e4da, b\u00e5de internationellt och i hemlandet. Det verkar tydligt att vi m\u00e4nniskor, som lever ett allt mer hektiskt liv st\u00e4ndigt f\u00e4sta vid v\u00e5ra smarttelefoner och n\u00e4t, l\u00e4ngtar efter gemenskap samt efter lugnande och fantasiberikande stunder, som konsertupplevelser kan erbjuda. \u00c5bo musikfestspel kommer ocks\u00e5 i forts\u00e4ttningen att fokusera p\u00e5 f\u00f6rstklassig kvalitet, internationella och inhemska toppartister.\u00a0<\/em><\/p>\n<p><span data-contrast=\"auto\"><em>Jag \u00e4r ocks\u00e5 speciellt motiverad med tanke p\u00e5 festivalens l\u00e4ge. \u00c5bo har speciellt p\u00e5 senaste tiden utm\u00e4rkt sig som en stad som inser kulturens betydelse f\u00f6r att st\u00e4rka hela regionens livskraft och v\u00e4lm\u00e5ende samt intresset f\u00f6r den. Ett fint tecken p\u00e5 det h\u00e4r \u00e4r till exempel byggandet av det nya musikhuset Fuga. \u00c5bo har ett rikt och traditionsrikt kulturliv, vilket syns i m\u00e5nga olika skikt och stilar. Jag ser med gl\u00e4dje fram emot att samarbeta med alla \u00c5bobor och v\u00e4ntar p\u00e5 str\u00e5lande och unika upplevelser i musikens tecken. Jag kan inte f\u00f6rest\u00e4lla mig en b\u00e4ttre tidpunkt att f\u00e5 ta itu med det h\u00e4r inspirerande uppdraget<\/em>\u201d, ber\u00e4ttar <strong>Lauri Porra<\/strong> om sina tankar.<\/span><span data-ccp-props=\"{&quot;201341983&quot;:0,&quot;335551550&quot;:6,&quot;335551620&quot;:6,&quot;335557856&quot;:16777215,&quot;335559738&quot;:280,&quot;335559739&quot;:0,&quot;335559740&quot;:240}\">\u00a0<\/span><span data-ccp-props=\"{&quot;201341983&quot;:0,&quot;335551550&quot;:6,&quot;335551620&quot;:6,&quot;335557856&quot;:16777215,&quot;335559738&quot;:0,&quot;335559739&quot;:0,&quot;335559740&quot;:240}\">\u00a0<\/span><\/p>\n<p><span data-contrast=\"auto\">Lauri Porra (f. 1977) \u00e4r en internationellt framg\u00e5ngsrik och respekterad tons\u00e4ttare och musiker, vars karri\u00e4r inom konstn\u00e4rligt arbete varat l\u00e5ngt \u00f6ver ett decennium. Under sin solokarri\u00e4r har Porra gett ut fem album, varav det f\u00f6rsta utkom 2005. Porra har m\u00e5ngsidigt komponerat musik f\u00f6r b\u00e5de orkester, film och media, och hans kompositioner har framf\u00f6rts av bl.a. BBC Concert Orchestra, London Symphony Orchestra, Seattles symfoniorkester, Islands symfoniorkester, Radions symfoniorkester, Trondheims symfoniorkester och Sinfonia Lahti. I sina kompositioner anv\u00e4nder sig Porra av sin breda erfarenhet inom olika musikstilar och skapar naturliga broar mellan genrer som ter sig v\u00e4ldigt olika. Porra har gjort tv\u00e4rkonstn\u00e4rliga samarbeten med bl.a. Esko Valtaoja, Paula Vesala och Paperi T. Sedan 2021 \u00e4r han konstn\u00e4rlig ledare f\u00f6r Vanda underh\u00e5llningsorkester. Porra \u00e4r ocks\u00e5 konstn\u00e4rlig ledare f\u00f6r stadsevenemanget Unelmien Heinola (Dr\u00f6mmarnas Heinola) som han sj\u00e4lv grundat. Han var konstn\u00e4rlig r\u00e5dgivare f\u00f6r Helsingfors festspel 2015\u20132019. Porra \u00e4r basist i ensemblen Stratovarius, som han spelat in fyra skivor med och upptr\u00e4tt i \u00f6ver 60 l\u00e4nder. \u00c5r 2016 erh\u00f6ll Porra som tredje finl\u00e4ndare n\u00e5gonsin Nordisk popul\u00e4rauktorunions NPU-pris. Samma \u00e5r var Porra ocks\u00e5 nominerad till det nordiska filmmusikpriset HARPA.<\/span><span data-ccp-props=\"{&quot;201341983&quot;:0,&quot;335559739&quot;:200,&quot;335559740&quot;:276}\">\u00a0<\/span>[\/vc_column_text][divider line_type=&#8221;No Line&#8221; custom_height=&#8221;30&#8243;][vc_custom_heading text=&#8221;Ytterligare information och intervjuf\u00f6rfr\u00e5gningar:&#8221; font_container=&#8221;tag:h4|text_align:left&#8221; css=&#8221;&#8221;][divider line_type=&#8221;No Line&#8221; custom_height=&#8221;15&#8243;][vc_column_text css=&#8221;&#8221; text_direction=&#8221;default&#8221;]<strong>Liisa Ketom\u00e4ki<\/strong>, VD, Stiftelsen f\u00f6r \u00c5bo musikfestspel<br \/>\nliisa.ketomaki@tmj.fi \/ +358 (0)40\u202f740 6200[\/vc_column_text][\/vc_column][\/vc_row]\n","protected":false},"excerpt":{"rendered":"<p>[vc_row type=&#8221;in_container&#8221; full_screen_row_position=&#8221;middle&#8221; column_margin=&#8221;default&#8221; column_direction=&#8221;default&#8221; column_direction_tablet=&#8221;default&#8221; column_direction_phone=&#8221;default&#8221; scene_position=&#8221;center&#8221; text_color=&#8221;dark&#8221; text_align=&#8221;left&#8221; row_border_radius=&#8221;none&#8221; row_border_radius_applies=&#8221;bg&#8221; overflow=&#8221;visible&#8221; overlay_strength=&#8221;0.3&#8243; gradient_direction=&#8221;left_to_right&#8221; shape_divider_position=&#8221;bottom&#8221; bg_image_animation=&#8221;none&#8221;][vc_column column_padding=&#8221;no-extra-padding&#8221; column_padding_tablet=&#8221;inherit&#8221; column_padding_phone=&#8221;inherit&#8221; column_padding_position=&#8221;all&#8221; column_element_direction_desktop=&#8221;default&#8221; column_element_spacing=&#8221;default&#8221; desktop_text_alignment=&#8221;default&#8221; tablet_text_alignment=&#8221;default&#8221; phone_text_alignment=&#8221;default&#8221; background_color_opacity=&#8221;1&#8243; background_hover_color_opacity=&#8221;1&#8243; column_backdrop_filter=&#8221;none&#8221; column_shadow=&#8221;none&#8221; column_border_radius=&#8221;none&#8221; column_link_target=&#8221;_self&#8221; column_position=&#8221;default&#8221; gradient_direction=&#8221;left_to_right&#8221; overlay_strength=&#8221;0.3&#8243; width=&#8221;1\/1&#8243; tablet_width_inherit=&#8221;default&#8221; animation_type=&#8221;default&#8221; bg_image_animation=&#8221;none&#8221; border_type=&#8221;simple&#8221; column_border_width=&#8221;none&#8221; column_border_style=&#8221;solid&#8221;][vc_custom_heading text=&#8221;LAURI PORRA BLIR KONSTN\u00c4RLIG LEDARE F\u00d6R \u00c5BO MUSIKFESTSPEL&#8230;<\/p>\n","protected":false},"author":3,"featured_media":14065,"comment_status":"closed","ping_status":"open","sticky":false,"template":"","format":"standard","meta":{"_improvement_type_select":"improve_an_existing","_thumb_yes_seoaic":false,"_frame_yes_seoaic":false,"seoaic_generate_description":"","seoaic_improve_instructions_prompt":"","seoaic_rollback_content_improvement":"","seoaic_idea_thumbnail_generator":"","thumbnail_generated":false,"thumbnail_generate_prompt":"","seoaic_article_description":"","seoaic_article_subtitles":[],"footnotes":""},"categories":[33],"tags":[],"class_list":{"0":"post-14058","1":"post","2":"type-post","3":"status-publish","4":"format-standard","5":"has-post-thumbnail","7":"category-blogg"},"yoast_head":"<!-- This site is optimized with the Yoast SEO plugin v27.4 - https:\/\/yoast.com\/product\/yoast-seo-wordpress\/ -->\n<title>LAURI PORRA BLIR KONSTN\u00c4RLIG LEDARE F\u00d6R \u00c5BO MUSIKFESTSPEL FR\u00c5N 2025 | Turun musiikkijuhlat<\/title>\n<meta name=\"robots\" content=\"index, follow, max-snippet:-1, max-image-preview:large, max-video-preview:-1\" \/>\n<link rel=\"canonical\" href=\"https:\/\/turunmusiikkijuhlat.fi\/sv\/lauri-porra-blir-konstnarlig-ledare-for-abo-musikfestspel-fran-2025\" \/>\n<meta property=\"og:locale\" content=\"sv_SE\" \/>\n<meta property=\"og:type\" content=\"article\" \/>\n<meta property=\"og:title\" content=\"LAURI PORRA BLIR KONSTN\u00c4RLIG LEDARE F\u00d6R \u00c5BO MUSIKFESTSPEL FR\u00c5N 2025 | Turun musiikkijuhlat\" \/>\n<meta property=\"og:description\" content=\"[vc_row type=&#8221;in_container&#8221; full_screen_row_position=&#8221;middle&#8221; column_margin=&#8221;default&#8221; column_direction=&#8221;default&#8221; column_direction_tablet=&#8221;default&#8221; column_direction_phone=&#8221;default&#8221; scene_position=&#8221;center&#8221; text_color=&#8221;dark&#8221; text_align=&#8221;left&#8221; row_border_radius=&#8221;none&#8221; row_border_radius_applies=&#8221;bg&#8221; overflow=&#8221;visible&#8221; overlay_strength=&#8221;0.3&#8243; gradient_direction=&#8221;left_to_right&#8221; shape_divider_position=&#8221;bottom&#8221; bg_image_animation=&#8221;none&#8221;][vc_column column_padding=&#8221;no-extra-padding&#8221; column_padding_tablet=&#8221;inherit&#8221; column_padding_phone=&#8221;inherit&#8221; column_padding_position=&#8221;all&#8221; column_element_direction_desktop=&#8221;default&#8221; column_element_spacing=&#8221;default&#8221; desktop_text_alignment=&#8221;default&#8221; tablet_text_alignment=&#8221;default&#8221; phone_text_alignment=&#8221;default&#8221; background_color_opacity=&#8221;1&#8243; background_hover_color_opacity=&#8221;1&#8243; column_backdrop_filter=&#8221;none&#8221; column_shadow=&#8221;none&#8221; column_border_radius=&#8221;none&#8221; column_link_target=&#8221;_self&#8221; column_position=&#8221;default&#8221; gradient_direction=&#8221;left_to_right&#8221; overlay_strength=&#8221;0.3&#8243; width=&#8221;1\/1&#8243; tablet_width_inherit=&#8221;default&#8221; animation_type=&#8221;default&#8221; bg_image_animation=&#8221;none&#8221; border_type=&#8221;simple&#8221; column_border_width=&#8221;none&#8221; column_border_style=&#8221;solid&#8221;][vc_custom_heading text=&#8221;LAURI PORRA BLIR KONSTN\u00c4RLIG LEDARE F\u00d6R \u00c5BO MUSIKFESTSPEL...\" \/>\n<meta property=\"og:url\" content=\"https:\/\/turunmusiikkijuhlat.fi\/sv\/lauri-porra-blir-konstnarlig-ledare-for-abo-musikfestspel-fran-2025\" \/>\n<meta property=\"og:site_name\" content=\"Turun musiikkijuhlat\" \/>\n<meta property=\"article:publisher\" content=\"https:\/\/www.facebook.com\/Turunmusiikkijuhlat\/\" \/>\n<meta property=\"article:published_time\" content=\"2024-05-30T06:22:54+00:00\" \/>\n<meta property=\"article:modified_time\" content=\"2024-05-30T06:31:51+00:00\" \/>\n<meta property=\"og:image\" content=\"https:\/\/turunmusiikkijuhlat.fi\/wp-content\/uploads\/2024\/05\/lauri_TMJ.png\" \/>\n\t<meta property=\"og:image:width\" content=\"1920\" \/>\n\t<meta property=\"og:image:height\" content=\"1080\" \/>\n\t<meta property=\"og:image:type\" content=\"image\/png\" \/>\n<meta name=\"author\" content=\"Mike Valtonen\" \/>\n<meta name=\"twitter:card\" content=\"summary_large_image\" \/>\n<meta name=\"twitter:creator\" content=\"@TurkuMusicFest\" \/>\n<meta name=\"twitter:site\" content=\"@TurkuMusicFest\" \/>\n<meta name=\"twitter:label1\" content=\"Skriven av\" \/>\n\t<meta name=\"twitter:data1\" content=\"Mike Valtonen\" \/>\n\t<meta name=\"twitter:label2\" content=\"Ber\u00e4knad l\u00e4stid\" \/>\n\t<meta name=\"twitter:data2\" content=\"7 minuter\" \/>\n<script type=\"application\/ld+json\" class=\"yoast-schema-graph\">{\"@context\":\"https:\\\/\\\/schema.org\",\"@graph\":[{\"@type\":\"Article\",\"@id\":\"https:\\\/\\\/turunmusiikkijuhlat.fi\\\/sv\\\/lauri-porra-blir-konstnarlig-ledare-for-abo-musikfestspel-fran-2025#article\",\"isPartOf\":{\"@id\":\"https:\\\/\\\/turunmusiikkijuhlat.fi\\\/sv\\\/lauri-porra-blir-konstnarlig-ledare-for-abo-musikfestspel-fran-2025\"},\"author\":{\"name\":\"Mike Valtonen\",\"@id\":\"https:\\\/\\\/turunmusiikkijuhlat.fi\\\/sv#\\\/schema\\\/person\\\/06b8f595e32618a7b11e4407e7d43552\"},\"headline\":\"LAURI PORRA BLIR KONSTN\u00c4RLIG LEDARE F\u00d6R \u00c5BO MUSIKFESTSPEL FR\u00c5N 2025\",\"datePublished\":\"2024-05-30T06:22:54+00:00\",\"dateModified\":\"2024-05-30T06:31:51+00:00\",\"mainEntityOfPage\":{\"@id\":\"https:\\\/\\\/turunmusiikkijuhlat.fi\\\/sv\\\/lauri-porra-blir-konstnarlig-ledare-for-abo-musikfestspel-fran-2025\"},\"wordCount\":1283,\"publisher\":{\"@id\":\"https:\\\/\\\/turunmusiikkijuhlat.fi\\\/sv#organization\"},\"image\":{\"@id\":\"https:\\\/\\\/turunmusiikkijuhlat.fi\\\/sv\\\/lauri-porra-blir-konstnarlig-ledare-for-abo-musikfestspel-fran-2025#primaryimage\"},\"thumbnailUrl\":\"https:\\\/\\\/turunmusiikkijuhlat.fi\\\/wp-content\\\/uploads\\\/2024\\\/05\\\/lauri_TMJ.png\",\"articleSection\":[\"Blogg\"],\"inLanguage\":\"sv-SE\"},{\"@type\":\"WebPage\",\"@id\":\"https:\\\/\\\/turunmusiikkijuhlat.fi\\\/sv\\\/lauri-porra-blir-konstnarlig-ledare-for-abo-musikfestspel-fran-2025\",\"url\":\"https:\\\/\\\/turunmusiikkijuhlat.fi\\\/sv\\\/lauri-porra-blir-konstnarlig-ledare-for-abo-musikfestspel-fran-2025\",\"name\":\"LAURI PORRA BLIR KONSTN\u00c4RLIG LEDARE F\u00d6R \u00c5BO MUSIKFESTSPEL FR\u00c5N 2025 | Turun musiikkijuhlat\",\"isPartOf\":{\"@id\":\"https:\\\/\\\/turunmusiikkijuhlat.fi\\\/sv#website\"},\"primaryImageOfPage\":{\"@id\":\"https:\\\/\\\/turunmusiikkijuhlat.fi\\\/sv\\\/lauri-porra-blir-konstnarlig-ledare-for-abo-musikfestspel-fran-2025#primaryimage\"},\"image\":{\"@id\":\"https:\\\/\\\/turunmusiikkijuhlat.fi\\\/sv\\\/lauri-porra-blir-konstnarlig-ledare-for-abo-musikfestspel-fran-2025#primaryimage\"},\"thumbnailUrl\":\"https:\\\/\\\/turunmusiikkijuhlat.fi\\\/wp-content\\\/uploads\\\/2024\\\/05\\\/lauri_TMJ.png\",\"datePublished\":\"2024-05-30T06:22:54+00:00\",\"dateModified\":\"2024-05-30T06:31:51+00:00\",\"breadcrumb\":{\"@id\":\"https:\\\/\\\/turunmusiikkijuhlat.fi\\\/sv\\\/lauri-porra-blir-konstnarlig-ledare-for-abo-musikfestspel-fran-2025#breadcrumb\"},\"inLanguage\":\"sv-SE\",\"potentialAction\":[{\"@type\":\"ReadAction\",\"target\":[\"https:\\\/\\\/turunmusiikkijuhlat.fi\\\/sv\\\/lauri-porra-blir-konstnarlig-ledare-for-abo-musikfestspel-fran-2025\"]}]},{\"@type\":\"ImageObject\",\"inLanguage\":\"sv-SE\",\"@id\":\"https:\\\/\\\/turunmusiikkijuhlat.fi\\\/sv\\\/lauri-porra-blir-konstnarlig-ledare-for-abo-musikfestspel-fran-2025#primaryimage\",\"url\":\"https:\\\/\\\/turunmusiikkijuhlat.fi\\\/wp-content\\\/uploads\\\/2024\\\/05\\\/lauri_TMJ.png\",\"contentUrl\":\"https:\\\/\\\/turunmusiikkijuhlat.fi\\\/wp-content\\\/uploads\\\/2024\\\/05\\\/lauri_TMJ.png\",\"width\":1920,\"height\":1080},{\"@type\":\"BreadcrumbList\",\"@id\":\"https:\\\/\\\/turunmusiikkijuhlat.fi\\\/sv\\\/lauri-porra-blir-konstnarlig-ledare-for-abo-musikfestspel-fran-2025#breadcrumb\",\"itemListElement\":[{\"@type\":\"ListItem\",\"position\":1,\"name\":\"Etusivu\",\"item\":\"https:\\\/\\\/turunmusiikkijuhlat.fi\\\/sv\"},{\"@type\":\"ListItem\",\"position\":2,\"name\":\"LAURI PORRA BLIR KONSTN\u00c4RLIG LEDARE F\u00d6R \u00c5BO MUSIKFESTSPEL FR\u00c5N 2025\"}]},{\"@type\":\"WebSite\",\"@id\":\"https:\\\/\\\/turunmusiikkijuhlat.fi\\\/sv#website\",\"url\":\"https:\\\/\\\/turunmusiikkijuhlat.fi\\\/sv\",\"name\":\"Turun musiikkijuhlat\",\"description\":\"Suomen vanhin yht\u00e4jaksoisesti toiminut musiikkifestivaali.\",\"publisher\":{\"@id\":\"https:\\\/\\\/turunmusiikkijuhlat.fi\\\/sv#organization\"},\"potentialAction\":[{\"@type\":\"SearchAction\",\"target\":{\"@type\":\"EntryPoint\",\"urlTemplate\":\"https:\\\/\\\/turunmusiikkijuhlat.fi\\\/sv?s={search_term_string}\"},\"query-input\":{\"@type\":\"PropertyValueSpecification\",\"valueRequired\":true,\"valueName\":\"search_term_string\"}}],\"inLanguage\":\"sv-SE\"},{\"@type\":\"Organization\",\"@id\":\"https:\\\/\\\/turunmusiikkijuhlat.fi\\\/sv#organization\",\"name\":\"Turun Musiikkijuhlat\",\"url\":\"https:\\\/\\\/turunmusiikkijuhlat.fi\\\/sv\",\"logo\":{\"@type\":\"ImageObject\",\"inLanguage\":\"sv-SE\",\"@id\":\"https:\\\/\\\/turunmusiikkijuhlat.fi\\\/sv#\\\/schema\\\/logo\\\/image\\\/\",\"url\":\"https:\\\/\\\/turunmusiikkijuhlat.fi\\\/wp-content\\\/uploads\\\/2022\\\/04\\\/TMJ_logo_RGB_500px.png\",\"contentUrl\":\"https:\\\/\\\/turunmusiikkijuhlat.fi\\\/wp-content\\\/uploads\\\/2022\\\/04\\\/TMJ_logo_RGB_500px.png\",\"width\":500,\"height\":151,\"caption\":\"Turun Musiikkijuhlat\"},\"image\":{\"@id\":\"https:\\\/\\\/turunmusiikkijuhlat.fi\\\/sv#\\\/schema\\\/logo\\\/image\\\/\"},\"sameAs\":[\"https:\\\/\\\/www.facebook.com\\\/Turunmusiikkijuhlat\\\/\",\"https:\\\/\\\/x.com\\\/TurkuMusicFest\",\"https:\\\/\\\/www.instagram.com\\\/turkumusicfestival\\\/\",\"https:\\\/\\\/www.youtube.com\\\/user\\\/Turkumusic\"]},{\"@type\":\"Person\",\"@id\":\"https:\\\/\\\/turunmusiikkijuhlat.fi\\\/sv#\\\/schema\\\/person\\\/06b8f595e32618a7b11e4407e7d43552\",\"name\":\"Mike Valtonen\"}]}<\/script>\n<!-- \/ Yoast SEO plugin. -->","yoast_head_json":{"title":"LAURI PORRA BLIR KONSTN\u00c4RLIG LEDARE F\u00d6R \u00c5BO MUSIKFESTSPEL FR\u00c5N 2025 | Turun musiikkijuhlat","robots":{"index":"index","follow":"follow","max-snippet":"max-snippet:-1","max-image-preview":"max-image-preview:large","max-video-preview":"max-video-preview:-1"},"canonical":"https:\/\/turunmusiikkijuhlat.fi\/sv\/lauri-porra-blir-konstnarlig-ledare-for-abo-musikfestspel-fran-2025","og_locale":"sv_SE","og_type":"article","og_title":"LAURI PORRA BLIR KONSTN\u00c4RLIG LEDARE F\u00d6R \u00c5BO MUSIKFESTSPEL FR\u00c5N 2025 | Turun musiikkijuhlat","og_description":"[vc_row type=&#8221;in_container&#8221; full_screen_row_position=&#8221;middle&#8221; column_margin=&#8221;default&#8221; column_direction=&#8221;default&#8221; column_direction_tablet=&#8221;default&#8221; column_direction_phone=&#8221;default&#8221; scene_position=&#8221;center&#8221; text_color=&#8221;dark&#8221; text_align=&#8221;left&#8221; row_border_radius=&#8221;none&#8221; row_border_radius_applies=&#8221;bg&#8221; overflow=&#8221;visible&#8221; overlay_strength=&#8221;0.3&#8243; gradient_direction=&#8221;left_to_right&#8221; shape_divider_position=&#8221;bottom&#8221; bg_image_animation=&#8221;none&#8221;][vc_column column_padding=&#8221;no-extra-padding&#8221; column_padding_tablet=&#8221;inherit&#8221; column_padding_phone=&#8221;inherit&#8221; column_padding_position=&#8221;all&#8221; column_element_direction_desktop=&#8221;default&#8221; column_element_spacing=&#8221;default&#8221; desktop_text_alignment=&#8221;default&#8221; tablet_text_alignment=&#8221;default&#8221; phone_text_alignment=&#8221;default&#8221; background_color_opacity=&#8221;1&#8243; background_hover_color_opacity=&#8221;1&#8243; column_backdrop_filter=&#8221;none&#8221; column_shadow=&#8221;none&#8221; column_border_radius=&#8221;none&#8221; column_link_target=&#8221;_self&#8221; column_position=&#8221;default&#8221; gradient_direction=&#8221;left_to_right&#8221; overlay_strength=&#8221;0.3&#8243; width=&#8221;1\/1&#8243; tablet_width_inherit=&#8221;default&#8221; animation_type=&#8221;default&#8221; bg_image_animation=&#8221;none&#8221; border_type=&#8221;simple&#8221; column_border_width=&#8221;none&#8221; column_border_style=&#8221;solid&#8221;][vc_custom_heading text=&#8221;LAURI PORRA BLIR KONSTN\u00c4RLIG LEDARE F\u00d6R \u00c5BO MUSIKFESTSPEL...","og_url":"https:\/\/turunmusiikkijuhlat.fi\/sv\/lauri-porra-blir-konstnarlig-ledare-for-abo-musikfestspel-fran-2025","og_site_name":"Turun musiikkijuhlat","article_publisher":"https:\/\/www.facebook.com\/Turunmusiikkijuhlat\/","article_published_time":"2024-05-30T06:22:54+00:00","article_modified_time":"2024-05-30T06:31:51+00:00","og_image":[{"width":1920,"height":1080,"url":"https:\/\/turunmusiikkijuhlat.fi\/wp-content\/uploads\/2024\/05\/lauri_TMJ.png","type":"image\/png"}],"author":"Mike Valtonen","twitter_card":"summary_large_image","twitter_creator":"@TurkuMusicFest","twitter_site":"@TurkuMusicFest","twitter_misc":{"Skriven av":"Mike Valtonen","Ber\u00e4knad l\u00e4stid":"7 minuter"},"schema":{"@context":"https:\/\/schema.org","@graph":[{"@type":"Article","@id":"https:\/\/turunmusiikkijuhlat.fi\/sv\/lauri-porra-blir-konstnarlig-ledare-for-abo-musikfestspel-fran-2025#article","isPartOf":{"@id":"https:\/\/turunmusiikkijuhlat.fi\/sv\/lauri-porra-blir-konstnarlig-ledare-for-abo-musikfestspel-fran-2025"},"author":{"name":"Mike Valtonen","@id":"https:\/\/turunmusiikkijuhlat.fi\/sv#\/schema\/person\/06b8f595e32618a7b11e4407e7d43552"},"headline":"LAURI PORRA BLIR KONSTN\u00c4RLIG LEDARE F\u00d6R \u00c5BO MUSIKFESTSPEL FR\u00c5N 2025","datePublished":"2024-05-30T06:22:54+00:00","dateModified":"2024-05-30T06:31:51+00:00","mainEntityOfPage":{"@id":"https:\/\/turunmusiikkijuhlat.fi\/sv\/lauri-porra-blir-konstnarlig-ledare-for-abo-musikfestspel-fran-2025"},"wordCount":1283,"publisher":{"@id":"https:\/\/turunmusiikkijuhlat.fi\/sv#organization"},"image":{"@id":"https:\/\/turunmusiikkijuhlat.fi\/sv\/lauri-porra-blir-konstnarlig-ledare-for-abo-musikfestspel-fran-2025#primaryimage"},"thumbnailUrl":"https:\/\/turunmusiikkijuhlat.fi\/wp-content\/uploads\/2024\/05\/lauri_TMJ.png","articleSection":["Blogg"],"inLanguage":"sv-SE"},{"@type":"WebPage","@id":"https:\/\/turunmusiikkijuhlat.fi\/sv\/lauri-porra-blir-konstnarlig-ledare-for-abo-musikfestspel-fran-2025","url":"https:\/\/turunmusiikkijuhlat.fi\/sv\/lauri-porra-blir-konstnarlig-ledare-for-abo-musikfestspel-fran-2025","name":"LAURI PORRA BLIR KONSTN\u00c4RLIG LEDARE F\u00d6R \u00c5BO MUSIKFESTSPEL FR\u00c5N 2025 | Turun musiikkijuhlat","isPartOf":{"@id":"https:\/\/turunmusiikkijuhlat.fi\/sv#website"},"primaryImageOfPage":{"@id":"https:\/\/turunmusiikkijuhlat.fi\/sv\/lauri-porra-blir-konstnarlig-ledare-for-abo-musikfestspel-fran-2025#primaryimage"},"image":{"@id":"https:\/\/turunmusiikkijuhlat.fi\/sv\/lauri-porra-blir-konstnarlig-ledare-for-abo-musikfestspel-fran-2025#primaryimage"},"thumbnailUrl":"https:\/\/turunmusiikkijuhlat.fi\/wp-content\/uploads\/2024\/05\/lauri_TMJ.png","datePublished":"2024-05-30T06:22:54+00:00","dateModified":"2024-05-30T06:31:51+00:00","breadcrumb":{"@id":"https:\/\/turunmusiikkijuhlat.fi\/sv\/lauri-porra-blir-konstnarlig-ledare-for-abo-musikfestspel-fran-2025#breadcrumb"},"inLanguage":"sv-SE","potentialAction":[{"@type":"ReadAction","target":["https:\/\/turunmusiikkijuhlat.fi\/sv\/lauri-porra-blir-konstnarlig-ledare-for-abo-musikfestspel-fran-2025"]}]},{"@type":"ImageObject","inLanguage":"sv-SE","@id":"https:\/\/turunmusiikkijuhlat.fi\/sv\/lauri-porra-blir-konstnarlig-ledare-for-abo-musikfestspel-fran-2025#primaryimage","url":"https:\/\/turunmusiikkijuhlat.fi\/wp-content\/uploads\/2024\/05\/lauri_TMJ.png","contentUrl":"https:\/\/turunmusiikkijuhlat.fi\/wp-content\/uploads\/2024\/05\/lauri_TMJ.png","width":1920,"height":1080},{"@type":"BreadcrumbList","@id":"https:\/\/turunmusiikkijuhlat.fi\/sv\/lauri-porra-blir-konstnarlig-ledare-for-abo-musikfestspel-fran-2025#breadcrumb","itemListElement":[{"@type":"ListItem","position":1,"name":"Etusivu","item":"https:\/\/turunmusiikkijuhlat.fi\/sv"},{"@type":"ListItem","position":2,"name":"LAURI PORRA BLIR KONSTN\u00c4RLIG LEDARE F\u00d6R \u00c5BO MUSIKFESTSPEL FR\u00c5N 2025"}]},{"@type":"WebSite","@id":"https:\/\/turunmusiikkijuhlat.fi\/sv#website","url":"https:\/\/turunmusiikkijuhlat.fi\/sv","name":"Turun musiikkijuhlat","description":"Suomen vanhin yht\u00e4jaksoisesti toiminut musiikkifestivaali.","publisher":{"@id":"https:\/\/turunmusiikkijuhlat.fi\/sv#organization"},"potentialAction":[{"@type":"SearchAction","target":{"@type":"EntryPoint","urlTemplate":"https:\/\/turunmusiikkijuhlat.fi\/sv?s={search_term_string}"},"query-input":{"@type":"PropertyValueSpecification","valueRequired":true,"valueName":"search_term_string"}}],"inLanguage":"sv-SE"},{"@type":"Organization","@id":"https:\/\/turunmusiikkijuhlat.fi\/sv#organization","name":"Turun Musiikkijuhlat","url":"https:\/\/turunmusiikkijuhlat.fi\/sv","logo":{"@type":"ImageObject","inLanguage":"sv-SE","@id":"https:\/\/turunmusiikkijuhlat.fi\/sv#\/schema\/logo\/image\/","url":"https:\/\/turunmusiikkijuhlat.fi\/wp-content\/uploads\/2022\/04\/TMJ_logo_RGB_500px.png","contentUrl":"https:\/\/turunmusiikkijuhlat.fi\/wp-content\/uploads\/2022\/04\/TMJ_logo_RGB_500px.png","width":500,"height":151,"caption":"Turun Musiikkijuhlat"},"image":{"@id":"https:\/\/turunmusiikkijuhlat.fi\/sv#\/schema\/logo\/image\/"},"sameAs":["https:\/\/www.facebook.com\/Turunmusiikkijuhlat\/","https:\/\/x.com\/TurkuMusicFest","https:\/\/www.instagram.com\/turkumusicfestival\/","https:\/\/www.youtube.com\/user\/Turkumusic"]},{"@type":"Person","@id":"https:\/\/turunmusiikkijuhlat.fi\/sv#\/schema\/person\/06b8f595e32618a7b11e4407e7d43552","name":"Mike Valtonen"}]}},"_links":{"self":[{"href":"https:\/\/turunmusiikkijuhlat.fi\/sv\/wp-json\/wp\/v2\/posts\/14058","targetHints":{"allow":["GET"]}}],"collection":[{"href":"https:\/\/turunmusiikkijuhlat.fi\/sv\/wp-json\/wp\/v2\/posts"}],"about":[{"href":"https:\/\/turunmusiikkijuhlat.fi\/sv\/wp-json\/wp\/v2\/types\/post"}],"author":[{"embeddable":true,"href":"https:\/\/turunmusiikkijuhlat.fi\/sv\/wp-json\/wp\/v2\/users\/3"}],"replies":[{"embeddable":true,"href":"https:\/\/turunmusiikkijuhlat.fi\/sv\/wp-json\/wp\/v2\/comments?post=14058"}],"version-history":[{"count":0,"href":"https:\/\/turunmusiikkijuhlat.fi\/sv\/wp-json\/wp\/v2\/posts\/14058\/revisions"}],"wp:featuredmedia":[{"embeddable":true,"href":"https:\/\/turunmusiikkijuhlat.fi\/sv\/wp-json\/wp\/v2\/media\/14065"}],"wp:attachment":[{"href":"https:\/\/turunmusiikkijuhlat.fi\/sv\/wp-json\/wp\/v2\/media?parent=14058"}],"wp:term":[{"taxonomy":"category","embeddable":true,"href":"https:\/\/turunmusiikkijuhlat.fi\/sv\/wp-json\/wp\/v2\/categories?post=14058"},{"taxonomy":"post_tag","embeddable":true,"href":"https:\/\/turunmusiikkijuhlat.fi\/sv\/wp-json\/wp\/v2\/tags?post=14058"}],"curies":[{"name":"wp","href":"https:\/\/api.w.org\/{rel}","templated":true}]}}