{"id":13727,"date":"2024-05-27T09:00:29","date_gmt":"2024-05-27T06:00:29","guid":{"rendered":"https:\/\/turunmusiikkijuhlat.fi\/?p=13727"},"modified":"2024-05-27T11:33:42","modified_gmt":"2024-05-27T08:33:42","slug":"abo-musikfestspel-och-aboagora-fyller-sibeliusmuseum-med-revolutionar-kampanda-i-augusti","status":"publish","type":"post","link":"https:\/\/turunmusiikkijuhlat.fi\/sv\/abo-musikfestspel-och-aboagora-fyller-sibeliusmuseum-med-revolutionar-kampanda-i-augusti","title":{"rendered":"\u00c5bo musikfestspel och Aboagora fyller Sibeliusmuseum med revolution\u00e4r kampanda i augusti"},"content":{"rendered":"[vc_row type=&#8221;in_container&#8221; full_screen_row_position=&#8221;middle&#8221; column_margin=&#8221;default&#8221; column_direction=&#8221;default&#8221; column_direction_tablet=&#8221;default&#8221; column_direction_phone=&#8221;default&#8221; scene_position=&#8221;center&#8221; text_color=&#8221;dark&#8221; text_align=&#8221;left&#8221; row_border_radius=&#8221;none&#8221; row_border_radius_applies=&#8221;bg&#8221; overflow=&#8221;visible&#8221; overlay_strength=&#8221;0.3&#8243; gradient_direction=&#8221;left_to_right&#8221; shape_divider_position=&#8221;bottom&#8221; bg_image_animation=&#8221;none&#8221;][vc_column column_padding=&#8221;no-extra-padding&#8221; column_padding_tablet=&#8221;inherit&#8221; column_padding_phone=&#8221;inherit&#8221; column_padding_position=&#8221;all&#8221; column_element_direction_desktop=&#8221;default&#8221; column_element_spacing=&#8221;default&#8221; desktop_text_alignment=&#8221;default&#8221; tablet_text_alignment=&#8221;default&#8221; phone_text_alignment=&#8221;default&#8221; background_color_opacity=&#8221;1&#8243; background_hover_color_opacity=&#8221;1&#8243; column_backdrop_filter=&#8221;none&#8221; column_shadow=&#8221;none&#8221; column_border_radius=&#8221;none&#8221; column_link_target=&#8221;_self&#8221; column_position=&#8221;default&#8221; gradient_direction=&#8221;left_to_right&#8221; overlay_strength=&#8221;0.3&#8243; width=&#8221;1\/1&#8243; tablet_width_inherit=&#8221;default&#8221; animation_type=&#8221;default&#8221; bg_image_animation=&#8221;none&#8221; border_type=&#8221;simple&#8221; column_border_width=&#8221;none&#8221; column_border_style=&#8221;solid&#8221;][vc_custom_heading text=&#8221;\u00c5BO MUSIKFESTSPEL OCH ABOAGORA FYLLER SIBELIUSMUSEUM MED REVOLUTION\u00c4R KAMPANDA I AUGUSTI&#8221; font_container=&#8221;tag:h2|text_align:left|color:%23bc9634&#8243; use_theme_fonts=&#8221;yes&#8221; css=&#8221;&#8221;][vc_custom_heading text=&#8221;27.05.2024&#8243; font_container=&#8221;tag:h4|text_align:left|color:%23ee92c2&#8243; use_theme_fonts=&#8221;yes&#8221; css=&#8221;&#8221;][divider line_type=&#8221;No Line&#8221; custom_height=&#8221;30&#8243;][image_with_animation image_url=&#8221;13780&#8243; image_size=&#8221;full&#8221; animation_type=&#8221;entrance&#8221; animation=&#8221;None&#8221; animation_movement_type=&#8221;transform_y&#8221; hover_animation=&#8221;none&#8221; alignment=&#8221;&#8221; border_radius=&#8221;none&#8221; box_shadow=&#8221;none&#8221; image_loading=&#8221;default&#8221; max_width=&#8221;100%&#8221; max_width_mobile=&#8221;default&#8221;][vc_column_text css=&#8221;&#8221; text_direction=&#8221;default&#8221;]Bild: Jussi Vierimaa[\/vc_column_text][vc_column_text css=&#8221;&#8221; text_direction=&#8221;default&#8221;]<strong>\u00c5bo musikfestspel g\u00e5r i \u00e5r av stapeln 8\u201331.8. En del av programmet utg\u00f6rs av helheten Songs of Judith, som \u00e4r planerad av musikfestspelens residenskonstn\u00e4r Aliisa Neige Barri\u00e8re och nu kompletteras med ett f\u00f6redrag inom ramen f\u00f6r Aboagora-projektet.<\/strong>[\/vc_column_text][vc_column_text css=&#8221;&#8221; text_direction=&#8221;default&#8221;]\u00c5bo musikfestspels residenskonstn\u00e4r Aliisa Neige Barri\u00e8re har tillsammans med sin bror, regiss\u00f6ren-dramaturgen Aleksi Barri\u00e8re skapat helheten Songs of Judith, som framf\u00f6rs i Sibeliusmuseum 12.8. Konserthelheten \u00f6ppnar upp en hemlig tradition, d\u00e4r kvinnliga tons\u00e4ttare och f\u00f6rfattare fantiserar kring hur en kvinnorevolt mot de manliga f\u00f6rtryckarna kunde se ut. \u00c4r det m\u00f6jligt utan v\u00e5ld? Programmet \u00e4r uppbyggt kring \u00c9lisabeth Jacquet de la Guerres (1665\u20131729) kantat till\u00e4gnad Bibelns Judit och utforskar revolutionens psykologiska, moraliska och andliga betydelse genom s\u00e4llsynta p\u00e4rlor fr\u00e5n barock och nutid. Den teatraliska konserten sammanf\u00f6r f\u00f6r f\u00f6rsta g\u00e5ngen musiker fr\u00e5n det nordiska Hehku-kollektivet med Finl\u00e4ndska barockorkestern.[\/vc_column_text][vc_custom_heading text=&#8221;Avant Aboagora: Mod, motst\u00e5nd och musikalisk aktivism genom seklerna&#8221; font_container=&#8221;tag:h4|text_align:left&#8221; css=&#8221;&#8221;][divider line_type=&#8221;No Line&#8221; custom_height=&#8221;15&#8243;][vc_column_text css=&#8221;&#8221; text_direction=&#8221;default&#8221;]F\u00f6re kv\u00e4llens konsert Songs of Judith ber\u00e4ttar musikern och forskaren <strong>Marika Kivinen <\/strong>om musikalisk aktivism och mod inom olika motst\u00e5ndsr\u00f6relser vid ett \u00f6ppet Avant Aboagora-f\u00f6redrag. Hennes f\u00f6redrag v\u00e4cker revolutionsst\u00e4mningen i oss och erbjuder nya speglar f\u00f6r den musik som framf\u00f6rs vid kv\u00e4llens konsert.<\/p>\n<p>Marika Kivinen \u00e4r mezzosopran, historiker, genusforskare, rasismforskare och kolumnist. Hon \u00e4r p\u00e5 slutrakan med sin doktorsavhandling vid \u00c5bo Akademi inom allm\u00e4n historia, d\u00e4r hennes tema \u00e4r exotism och rasifiering i vokalmusiken och s\u00e5ngkulturen i b\u00f6rjan av 1900-talet. Kivinen upptr\u00e4der regelbundet med solistuppdrag och har bl.a. sjungit mezzopartierna i Verdis och Mozarts Requiem. I v\u00e5ras sl\u00e4ppte Kivinen ett album p\u00e5 Refrain Records, p\u00e5 vilket Marika och hennes m\u00e5ng\u00e5riga samarbetspartner Jenna Ristil\u00e4 tolkar Christian Holmqvists solol\u00e5tar. Hon \u00e4r timl\u00e4rare i s\u00e5ng vid \u00c5bo yrkesh\u00f6gskola, Konstakademin, och alt i Ensemble MMXX. Kivinen \u00e4r styrelsemedlem i Forskningsf\u00f6reningen Suoni rf, som fr\u00e4mjar aktivistisk musikforskning.<\/p>\n<p>Evenemanget Aboagora \u00e4r en m\u00f6tesplats f\u00f6r akt\u00f6rer inom vetenskap och konst samt publiken, och arrangeras f\u00f6r fjortonde g\u00e5ngen i Sibeliusmuseum i \u00c5bo 28\u201330 augusti 2024. Temat f\u00f6r evenemanget 2024 \u00e4r Mars, the Bringer of War. Avant Aboagora-f\u00f6redraget ordnas innan huvudevenemanget, \u00e4r avgiftsfritt och \u00f6ppet f\u00f6r allm\u00e4nheten.[\/vc_column_text][vc_custom_heading text=&#8221;F\u00f6redraget ordnas i samarbete mellan projektet Aboagora och \u00c5bo musikfestspel.&#8221; font_container=&#8221;tag:h4|text_align:left&#8221; css=&#8221;&#8221;][divider line_type=&#8221;No Line&#8221; custom_height=&#8221;15&#8243;][vc_column_text css=&#8221;&#8221; text_direction=&#8221;default&#8221;]\u00c5bo musikfestspel och projektet Aboagora har samarbetat i \u00e5ratal, och \u00c5bo musikfestspel \u00e4r dessutom en av de institutioner som grundat Aboagora.<\/p>\n<p>Petra Piiroinen, projektforskare och producent f\u00f6r Aboagora, kommenterar b\u00e5de helheten och samarbetet s\u00e5h\u00e4r:<br \/>\n<em>\u201dEtos f\u00f6r Aboagora \u00e4r att v\u00e5r tids besv\u00e4rliga problem kr\u00e4ver b\u00e5de tv\u00e4rvetenskapligt grepp och en kombination av vetenskapliga och konstn\u00e4rliga synvinklar f\u00f6r att kunna l\u00f6sas. \u00c5rets tema Mars, the Bringer of War \u00e4r ett gott exempel p\u00e5 det h\u00e4r \u2013 krig \u00e4r en obegriplig sak som skymmer allt annat och det finns ingen gren av vetenskapen eller konsten, som inte p\u00e5 n\u00e5got vis p\u00e5verkas av krigf\u00f6ring och via vilken man inte kunde f\u00f6rs\u00f6ka f\u00f6rst\u00e5 kriget. Projektet, som i tiderna grundades p\u00e5 initiativ av \u00c5bo musikfestspel, Turun yliopisto (\u00c5bo universitet) och \u00c5bo Akademi, fyller en funktion i gr\u00e4nsmarkerna mellan vetenskap och konst och har etablerat sig som en pionj\u00e4r inom tv\u00e4rvetenskaplig och -konstn\u00e4rlig diskussion. Numera medverkar Turun yliopisto, \u00c5bo Akademi, \u00c5bo yrkesh\u00f6gskola Konstakademin, Stiftelsen f\u00f6r \u00c5bo Akademi och Turun Yliopistos\u00e4\u00e4ti\u00f6 i samarbetet. Vi gl\u00e4der oss ocks\u00e5 \u00f6ver det starka inneh\u00e5llsliga samarbetet med \u00c5bo musikfestspel!\u201d<\/em><\/p>\n<p>Liisa Ketom\u00e4ki, VD vid Stiftelsen f\u00f6r \u00c5bo musikfestspel \u00e4r n\u00f6jd \u00f6ver att Aboagora \u00e4r livskraftig och villig att forts\u00e4tta samarbetet med \u00c5bo musikfestspel. <em>\u201dSom sagt \u00e4r \u00c5bo musikfestspel en av grundarna f\u00f6r Aboagora. Det \u00e4r h\u00e4rligt att se att evenemanget \u00e4r en stark, sj\u00e4lvst\u00e4ndig helhet och en permanent akt\u00f6r inom evenemangsutbudet i \u00c5bo. Aboagoras framg\u00e5ngssaga lockar oss att \u00e4ven i forts\u00e4ttningen delta i att sparka ig\u00e5ng s\u00e5na h\u00e4r projekt, n\u00e4r vi ser att de kan forts\u00e4tta existera ocks\u00e5 utan v\u00e5rt st\u00f6d. Det \u00e4r betydande att vi i \u00c5bo har ett s\u00e5h\u00e4r h\u00f6gklassigt projekt som kombinerar vetenskap och kultur, och dessutom \u00e4r internationellt. Aboagora och \u00c5bo musikfestspel \u00e4r \u00f6verens om vad \u00c5bo beh\u00f6ver: h\u00f6gklassigt evenemangsutbud och internationalism.\u201d<\/em><\/p>\n<p><strong>Aboagora<\/strong> \u00e4r en m\u00f6tesplats f\u00f6r akt\u00f6rer inom vetenskap och konst. Aboagora m\u00f6jligg\u00f6r samarbete och fungerar som en plats f\u00f6r att skapa nytt. I projektets \u00e5rliga verksamhet ing\u00e5r det internationella tre dagar l\u00e5nga huvudevenemanget i Sibeliusmuseum i \u00c5bo, en forskningsretreat samt \u00f6ppna f\u00f6rhandsevenemang under rubriken Avant Aboagora. Projektet inleddes i samband med \u00c5bos kulturhuvudstads\u00e5r 2011 och \u00e4r en pionj\u00e4r inom samarbete mellan vetenskap och konst. Evenemanget bygger p\u00e5 en vision om att helhetsinriktad probleml\u00f6sning kr\u00e4ver b\u00e5de tv\u00e4rvetenskaplighet och kombinationer av vetenskapliga och konstn\u00e4rliga synvinklar. Aboagora arrangeras av Turun yliopisto, \u00c5bo Akademi, \u00c5bo yrkesh\u00f6gskola Konstakademin, Stiftelsen f\u00f6r \u00c5bo Akademi och Turun Yliopistos\u00e4\u00e4ti\u00f6. \u00c5r 2024 fick Aboagora underst\u00f6d av Konestiftelsen, Jenny och Antti Wihuris stiftelse, Vetenskapliga samfundens delegation och Svenska Kulturfonden.<\/p>\n<p><strong>\u00c5bo musikfestspel<\/strong> \u00e4r Finlands \u00e4ldsta kontinuerligt arrangerade festival, som h\u00e5llits sedan 1960. Festivalens k\u00e4rna har alltid utgjorts och utg\u00f6rs fortfarande av klassisk musik, men programmet kompletteras regelbundet med \u00e4ven popul\u00e4rmusik, kuraterad f\u00f6r musikfestspelen. Festivalen p\u00e5g\u00e5r \u00e5ret runt och kulminerar i festspelsveckorna i augusti varje \u00e5r. I \u00e5r h\u00e5lls ungef\u00e4r 30 konserter och andra evenemang i augusti och programmet kompletteras under sommaren. Avant Aboagora \u00e4r den senaste kompletteringen i \u00e5rets evenemangskalender.[\/vc_column_text][divider line_type=&#8221;No Line&#8221; custom_height=&#8221;30&#8243;][vc_custom_heading text=&#8221;Ytterligare information och intervjuf\u00f6rfr\u00e5gningar:&#8221; font_container=&#8221;tag:h4|text_align:left&#8221; css=&#8221;&#8221;][divider line_type=&#8221;No Line&#8221; custom_height=&#8221;15&#8243;][vc_column_text css=&#8221;&#8221; text_direction=&#8221;default&#8221;]<strong>Eveliina<\/strong> <strong>Salminen<\/strong>, f\u00f6rs\u00e4ljnings- och marknadsf\u00f6ringschef, \u00c5bo musikfestspel<br \/>\neveliina.salminen@tmj.fi \/ +358 (0)40 524 5531<\/p>\n<p><strong>Petra Piiroinen,<\/strong> projektforskare, producent, Aboagora<br \/>\naboagora@utu.fi \/ +358 (0)50 570 4017[\/vc_column_text][\/vc_column][\/vc_row]\n","protected":false},"excerpt":{"rendered":"<p>[vc_row type=&#8221;in_container&#8221; full_screen_row_position=&#8221;middle&#8221; column_margin=&#8221;default&#8221; column_direction=&#8221;default&#8221; column_direction_tablet=&#8221;default&#8221; column_direction_phone=&#8221;default&#8221; scene_position=&#8221;center&#8221; text_color=&#8221;dark&#8221; text_align=&#8221;left&#8221; row_border_radius=&#8221;none&#8221; row_border_radius_applies=&#8221;bg&#8221; overflow=&#8221;visible&#8221; overlay_strength=&#8221;0.3&#8243; gradient_direction=&#8221;left_to_right&#8221; shape_divider_position=&#8221;bottom&#8221; bg_image_animation=&#8221;none&#8221;][vc_column column_padding=&#8221;no-extra-padding&#8221; column_padding_tablet=&#8221;inherit&#8221; column_padding_phone=&#8221;inherit&#8221; column_padding_position=&#8221;all&#8221; column_element_direction_desktop=&#8221;default&#8221; column_element_spacing=&#8221;default&#8221; desktop_text_alignment=&#8221;default&#8221; tablet_text_alignment=&#8221;default&#8221; phone_text_alignment=&#8221;default&#8221; background_color_opacity=&#8221;1&#8243; background_hover_color_opacity=&#8221;1&#8243; column_backdrop_filter=&#8221;none&#8221; column_shadow=&#8221;none&#8221; column_border_radius=&#8221;none&#8221; column_link_target=&#8221;_self&#8221; column_position=&#8221;default&#8221; gradient_direction=&#8221;left_to_right&#8221; overlay_strength=&#8221;0.3&#8243; width=&#8221;1\/1&#8243; tablet_width_inherit=&#8221;default&#8221; animation_type=&#8221;default&#8221; bg_image_animation=&#8221;none&#8221; border_type=&#8221;simple&#8221; column_border_width=&#8221;none&#8221; column_border_style=&#8221;solid&#8221;][vc_custom_heading text=&#8221;\u00c5BO MUSIKFESTSPEL OCH ABOAGORA FYLLER SIBELIUSMUSEUM MED REVOLUTION\u00c4R&#8230;<\/p>\n","protected":false},"author":3,"featured_media":13782,"comment_status":"closed","ping_status":"closed","sticky":false,"template":"","format":"standard","meta":{"_improvement_type_select":"improve_an_existing","_thumb_yes_seoaic":false,"_frame_yes_seoaic":false,"seoaic_generate_description":"","seoaic_improve_instructions_prompt":"","seoaic_rollback_content_improvement":"","seoaic_idea_thumbnail_generator":"","thumbnail_generated":false,"thumbnail_generate_prompt":"","seoaic_article_description":"","seoaic_article_subtitles":[],"footnotes":""},"categories":[33],"tags":[],"class_list":{"0":"post-13727","1":"post","2":"type-post","3":"status-publish","4":"format-standard","5":"has-post-thumbnail","7":"category-blogg"},"yoast_head":"<!-- This site is optimized with the Yoast SEO plugin v27.4 - https:\/\/yoast.com\/product\/yoast-seo-wordpress\/ -->\n<title>\u00c5bo musikfestspel och Aboagora fyller Sibeliusmuseum med revolution\u00e4r kampanda i augusti | Turun musiikkijuhlat<\/title>\n<meta name=\"robots\" content=\"index, follow, max-snippet:-1, max-image-preview:large, max-video-preview:-1\" \/>\n<link rel=\"canonical\" href=\"https:\/\/turunmusiikkijuhlat.fi\/sv\/abo-musikfestspel-och-aboagora-fyller-sibeliusmuseum-med-revolutionar-kampanda-i-augusti\" \/>\n<meta property=\"og:locale\" content=\"sv_SE\" \/>\n<meta property=\"og:type\" content=\"article\" \/>\n<meta property=\"og:title\" content=\"\u00c5bo musikfestspel och Aboagora fyller Sibeliusmuseum med revolution\u00e4r kampanda i augusti | Turun musiikkijuhlat\" \/>\n<meta property=\"og:description\" content=\"[vc_row type=&#8221;in_container&#8221; full_screen_row_position=&#8221;middle&#8221; column_margin=&#8221;default&#8221; column_direction=&#8221;default&#8221; column_direction_tablet=&#8221;default&#8221; column_direction_phone=&#8221;default&#8221; scene_position=&#8221;center&#8221; text_color=&#8221;dark&#8221; text_align=&#8221;left&#8221; row_border_radius=&#8221;none&#8221; row_border_radius_applies=&#8221;bg&#8221; overflow=&#8221;visible&#8221; overlay_strength=&#8221;0.3&#8243; gradient_direction=&#8221;left_to_right&#8221; shape_divider_position=&#8221;bottom&#8221; bg_image_animation=&#8221;none&#8221;][vc_column column_padding=&#8221;no-extra-padding&#8221; column_padding_tablet=&#8221;inherit&#8221; column_padding_phone=&#8221;inherit&#8221; column_padding_position=&#8221;all&#8221; column_element_direction_desktop=&#8221;default&#8221; column_element_spacing=&#8221;default&#8221; desktop_text_alignment=&#8221;default&#8221; tablet_text_alignment=&#8221;default&#8221; phone_text_alignment=&#8221;default&#8221; background_color_opacity=&#8221;1&#8243; background_hover_color_opacity=&#8221;1&#8243; column_backdrop_filter=&#8221;none&#8221; column_shadow=&#8221;none&#8221; column_border_radius=&#8221;none&#8221; column_link_target=&#8221;_self&#8221; column_position=&#8221;default&#8221; gradient_direction=&#8221;left_to_right&#8221; overlay_strength=&#8221;0.3&#8243; width=&#8221;1\/1&#8243; tablet_width_inherit=&#8221;default&#8221; animation_type=&#8221;default&#8221; bg_image_animation=&#8221;none&#8221; border_type=&#8221;simple&#8221; column_border_width=&#8221;none&#8221; column_border_style=&#8221;solid&#8221;][vc_custom_heading text=&#8221;\u00c5BO MUSIKFESTSPEL OCH ABOAGORA FYLLER SIBELIUSMUSEUM MED REVOLUTION\u00c4R...\" \/>\n<meta property=\"og:url\" content=\"https:\/\/turunmusiikkijuhlat.fi\/sv\/abo-musikfestspel-och-aboagora-fyller-sibeliusmuseum-med-revolutionar-kampanda-i-augusti\" \/>\n<meta property=\"og:site_name\" content=\"Turun musiikkijuhlat\" \/>\n<meta property=\"article:publisher\" content=\"https:\/\/www.facebook.com\/Turunmusiikkijuhlat\/\" \/>\n<meta property=\"article:published_time\" content=\"2024-05-27T06:00:29+00:00\" \/>\n<meta property=\"article:modified_time\" content=\"2024-05-27T08:33:42+00:00\" \/>\n<meta property=\"og:image\" content=\"https:\/\/turunmusiikkijuhlat.fi\/wp-content\/uploads\/2024\/05\/banneri-1024x576.png\" \/>\n\t<meta property=\"og:image:width\" content=\"1024\" \/>\n\t<meta property=\"og:image:height\" content=\"576\" \/>\n\t<meta property=\"og:image:type\" content=\"image\/png\" \/>\n<meta name=\"author\" content=\"Mike Valtonen\" \/>\n<meta name=\"twitter:card\" content=\"summary_large_image\" \/>\n<meta name=\"twitter:creator\" content=\"@TurkuMusicFest\" \/>\n<meta name=\"twitter:site\" content=\"@TurkuMusicFest\" \/>\n<meta name=\"twitter:label1\" content=\"Skriven av\" \/>\n\t<meta name=\"twitter:data1\" content=\"Mike Valtonen\" \/>\n\t<meta name=\"twitter:label2\" content=\"Ber\u00e4knad l\u00e4stid\" \/>\n\t<meta name=\"twitter:data2\" content=\"7 minuter\" \/>\n<script type=\"application\/ld+json\" class=\"yoast-schema-graph\">{\"@context\":\"https:\\\/\\\/schema.org\",\"@graph\":[{\"@type\":\"Article\",\"@id\":\"https:\\\/\\\/turunmusiikkijuhlat.fi\\\/sv\\\/abo-musikfestspel-och-aboagora-fyller-sibeliusmuseum-med-revolutionar-kampanda-i-augusti#article\",\"isPartOf\":{\"@id\":\"https:\\\/\\\/turunmusiikkijuhlat.fi\\\/sv\\\/abo-musikfestspel-och-aboagora-fyller-sibeliusmuseum-med-revolutionar-kampanda-i-augusti\"},\"author\":{\"name\":\"Mike Valtonen\",\"@id\":\"https:\\\/\\\/turunmusiikkijuhlat.fi\\\/sv#\\\/schema\\\/person\\\/06b8f595e32618a7b11e4407e7d43552\"},\"headline\":\"\u00c5bo musikfestspel och Aboagora fyller Sibeliusmuseum med revolution\u00e4r kampanda i augusti\",\"datePublished\":\"2024-05-27T06:00:29+00:00\",\"dateModified\":\"2024-05-27T08:33:42+00:00\",\"mainEntityOfPage\":{\"@id\":\"https:\\\/\\\/turunmusiikkijuhlat.fi\\\/sv\\\/abo-musikfestspel-och-aboagora-fyller-sibeliusmuseum-med-revolutionar-kampanda-i-augusti\"},\"wordCount\":1373,\"publisher\":{\"@id\":\"https:\\\/\\\/turunmusiikkijuhlat.fi\\\/sv#organization\"},\"image\":{\"@id\":\"https:\\\/\\\/turunmusiikkijuhlat.fi\\\/sv\\\/abo-musikfestspel-och-aboagora-fyller-sibeliusmuseum-med-revolutionar-kampanda-i-augusti#primaryimage\"},\"thumbnailUrl\":\"https:\\\/\\\/turunmusiikkijuhlat.fi\\\/wp-content\\\/uploads\\\/2024\\\/05\\\/banneri.png\",\"articleSection\":[\"Blogg\"],\"inLanguage\":\"sv-SE\"},{\"@type\":\"WebPage\",\"@id\":\"https:\\\/\\\/turunmusiikkijuhlat.fi\\\/sv\\\/abo-musikfestspel-och-aboagora-fyller-sibeliusmuseum-med-revolutionar-kampanda-i-augusti\",\"url\":\"https:\\\/\\\/turunmusiikkijuhlat.fi\\\/sv\\\/abo-musikfestspel-och-aboagora-fyller-sibeliusmuseum-med-revolutionar-kampanda-i-augusti\",\"name\":\"\u00c5bo musikfestspel och Aboagora fyller Sibeliusmuseum med revolution\u00e4r kampanda i augusti | Turun musiikkijuhlat\",\"isPartOf\":{\"@id\":\"https:\\\/\\\/turunmusiikkijuhlat.fi\\\/sv#website\"},\"primaryImageOfPage\":{\"@id\":\"https:\\\/\\\/turunmusiikkijuhlat.fi\\\/sv\\\/abo-musikfestspel-och-aboagora-fyller-sibeliusmuseum-med-revolutionar-kampanda-i-augusti#primaryimage\"},\"image\":{\"@id\":\"https:\\\/\\\/turunmusiikkijuhlat.fi\\\/sv\\\/abo-musikfestspel-och-aboagora-fyller-sibeliusmuseum-med-revolutionar-kampanda-i-augusti#primaryimage\"},\"thumbnailUrl\":\"https:\\\/\\\/turunmusiikkijuhlat.fi\\\/wp-content\\\/uploads\\\/2024\\\/05\\\/banneri.png\",\"datePublished\":\"2024-05-27T06:00:29+00:00\",\"dateModified\":\"2024-05-27T08:33:42+00:00\",\"breadcrumb\":{\"@id\":\"https:\\\/\\\/turunmusiikkijuhlat.fi\\\/sv\\\/abo-musikfestspel-och-aboagora-fyller-sibeliusmuseum-med-revolutionar-kampanda-i-augusti#breadcrumb\"},\"inLanguage\":\"sv-SE\",\"potentialAction\":[{\"@type\":\"ReadAction\",\"target\":[\"https:\\\/\\\/turunmusiikkijuhlat.fi\\\/sv\\\/abo-musikfestspel-och-aboagora-fyller-sibeliusmuseum-med-revolutionar-kampanda-i-augusti\"]}]},{\"@type\":\"ImageObject\",\"inLanguage\":\"sv-SE\",\"@id\":\"https:\\\/\\\/turunmusiikkijuhlat.fi\\\/sv\\\/abo-musikfestspel-och-aboagora-fyller-sibeliusmuseum-med-revolutionar-kampanda-i-augusti#primaryimage\",\"url\":\"https:\\\/\\\/turunmusiikkijuhlat.fi\\\/wp-content\\\/uploads\\\/2024\\\/05\\\/banneri.png\",\"contentUrl\":\"https:\\\/\\\/turunmusiikkijuhlat.fi\\\/wp-content\\\/uploads\\\/2024\\\/05\\\/banneri.png\",\"width\":1920,\"height\":1080},{\"@type\":\"BreadcrumbList\",\"@id\":\"https:\\\/\\\/turunmusiikkijuhlat.fi\\\/sv\\\/abo-musikfestspel-och-aboagora-fyller-sibeliusmuseum-med-revolutionar-kampanda-i-augusti#breadcrumb\",\"itemListElement\":[{\"@type\":\"ListItem\",\"position\":1,\"name\":\"Etusivu\",\"item\":\"https:\\\/\\\/turunmusiikkijuhlat.fi\\\/sv\"},{\"@type\":\"ListItem\",\"position\":2,\"name\":\"\u00c5bo musikfestspel och Aboagora fyller Sibeliusmuseum med revolution\u00e4r kampanda i augusti\"}]},{\"@type\":\"WebSite\",\"@id\":\"https:\\\/\\\/turunmusiikkijuhlat.fi\\\/sv#website\",\"url\":\"https:\\\/\\\/turunmusiikkijuhlat.fi\\\/sv\",\"name\":\"Turun musiikkijuhlat\",\"description\":\"Suomen vanhin yht\u00e4jaksoisesti toiminut musiikkifestivaali.\",\"publisher\":{\"@id\":\"https:\\\/\\\/turunmusiikkijuhlat.fi\\\/sv#organization\"},\"potentialAction\":[{\"@type\":\"SearchAction\",\"target\":{\"@type\":\"EntryPoint\",\"urlTemplate\":\"https:\\\/\\\/turunmusiikkijuhlat.fi\\\/sv?s={search_term_string}\"},\"query-input\":{\"@type\":\"PropertyValueSpecification\",\"valueRequired\":true,\"valueName\":\"search_term_string\"}}],\"inLanguage\":\"sv-SE\"},{\"@type\":\"Organization\",\"@id\":\"https:\\\/\\\/turunmusiikkijuhlat.fi\\\/sv#organization\",\"name\":\"Turun Musiikkijuhlat\",\"url\":\"https:\\\/\\\/turunmusiikkijuhlat.fi\\\/sv\",\"logo\":{\"@type\":\"ImageObject\",\"inLanguage\":\"sv-SE\",\"@id\":\"https:\\\/\\\/turunmusiikkijuhlat.fi\\\/sv#\\\/schema\\\/logo\\\/image\\\/\",\"url\":\"https:\\\/\\\/turunmusiikkijuhlat.fi\\\/wp-content\\\/uploads\\\/2022\\\/04\\\/TMJ_logo_RGB_500px.png\",\"contentUrl\":\"https:\\\/\\\/turunmusiikkijuhlat.fi\\\/wp-content\\\/uploads\\\/2022\\\/04\\\/TMJ_logo_RGB_500px.png\",\"width\":500,\"height\":151,\"caption\":\"Turun Musiikkijuhlat\"},\"image\":{\"@id\":\"https:\\\/\\\/turunmusiikkijuhlat.fi\\\/sv#\\\/schema\\\/logo\\\/image\\\/\"},\"sameAs\":[\"https:\\\/\\\/www.facebook.com\\\/Turunmusiikkijuhlat\\\/\",\"https:\\\/\\\/x.com\\\/TurkuMusicFest\",\"https:\\\/\\\/www.instagram.com\\\/turkumusicfestival\\\/\",\"https:\\\/\\\/www.youtube.com\\\/user\\\/Turkumusic\"]},{\"@type\":\"Person\",\"@id\":\"https:\\\/\\\/turunmusiikkijuhlat.fi\\\/sv#\\\/schema\\\/person\\\/06b8f595e32618a7b11e4407e7d43552\",\"name\":\"Mike Valtonen\"}]}<\/script>\n<!-- \/ Yoast SEO plugin. -->","yoast_head_json":{"title":"\u00c5bo musikfestspel och Aboagora fyller Sibeliusmuseum med revolution\u00e4r kampanda i augusti | Turun musiikkijuhlat","robots":{"index":"index","follow":"follow","max-snippet":"max-snippet:-1","max-image-preview":"max-image-preview:large","max-video-preview":"max-video-preview:-1"},"canonical":"https:\/\/turunmusiikkijuhlat.fi\/sv\/abo-musikfestspel-och-aboagora-fyller-sibeliusmuseum-med-revolutionar-kampanda-i-augusti","og_locale":"sv_SE","og_type":"article","og_title":"\u00c5bo musikfestspel och Aboagora fyller Sibeliusmuseum med revolution\u00e4r kampanda i augusti | Turun musiikkijuhlat","og_description":"[vc_row type=&#8221;in_container&#8221; full_screen_row_position=&#8221;middle&#8221; column_margin=&#8221;default&#8221; column_direction=&#8221;default&#8221; column_direction_tablet=&#8221;default&#8221; column_direction_phone=&#8221;default&#8221; scene_position=&#8221;center&#8221; text_color=&#8221;dark&#8221; text_align=&#8221;left&#8221; row_border_radius=&#8221;none&#8221; row_border_radius_applies=&#8221;bg&#8221; overflow=&#8221;visible&#8221; overlay_strength=&#8221;0.3&#8243; gradient_direction=&#8221;left_to_right&#8221; shape_divider_position=&#8221;bottom&#8221; bg_image_animation=&#8221;none&#8221;][vc_column column_padding=&#8221;no-extra-padding&#8221; column_padding_tablet=&#8221;inherit&#8221; column_padding_phone=&#8221;inherit&#8221; column_padding_position=&#8221;all&#8221; column_element_direction_desktop=&#8221;default&#8221; column_element_spacing=&#8221;default&#8221; desktop_text_alignment=&#8221;default&#8221; tablet_text_alignment=&#8221;default&#8221; phone_text_alignment=&#8221;default&#8221; background_color_opacity=&#8221;1&#8243; background_hover_color_opacity=&#8221;1&#8243; column_backdrop_filter=&#8221;none&#8221; column_shadow=&#8221;none&#8221; column_border_radius=&#8221;none&#8221; column_link_target=&#8221;_self&#8221; column_position=&#8221;default&#8221; gradient_direction=&#8221;left_to_right&#8221; overlay_strength=&#8221;0.3&#8243; width=&#8221;1\/1&#8243; tablet_width_inherit=&#8221;default&#8221; animation_type=&#8221;default&#8221; bg_image_animation=&#8221;none&#8221; border_type=&#8221;simple&#8221; column_border_width=&#8221;none&#8221; column_border_style=&#8221;solid&#8221;][vc_custom_heading text=&#8221;\u00c5BO MUSIKFESTSPEL OCH ABOAGORA FYLLER SIBELIUSMUSEUM MED REVOLUTION\u00c4R...","og_url":"https:\/\/turunmusiikkijuhlat.fi\/sv\/abo-musikfestspel-och-aboagora-fyller-sibeliusmuseum-med-revolutionar-kampanda-i-augusti","og_site_name":"Turun musiikkijuhlat","article_publisher":"https:\/\/www.facebook.com\/Turunmusiikkijuhlat\/","article_published_time":"2024-05-27T06:00:29+00:00","article_modified_time":"2024-05-27T08:33:42+00:00","og_image":[{"width":1024,"height":576,"url":"https:\/\/turunmusiikkijuhlat.fi\/wp-content\/uploads\/2024\/05\/banneri-1024x576.png","type":"image\/png"}],"author":"Mike Valtonen","twitter_card":"summary_large_image","twitter_creator":"@TurkuMusicFest","twitter_site":"@TurkuMusicFest","twitter_misc":{"Skriven av":"Mike Valtonen","Ber\u00e4knad l\u00e4stid":"7 minuter"},"schema":{"@context":"https:\/\/schema.org","@graph":[{"@type":"Article","@id":"https:\/\/turunmusiikkijuhlat.fi\/sv\/abo-musikfestspel-och-aboagora-fyller-sibeliusmuseum-med-revolutionar-kampanda-i-augusti#article","isPartOf":{"@id":"https:\/\/turunmusiikkijuhlat.fi\/sv\/abo-musikfestspel-och-aboagora-fyller-sibeliusmuseum-med-revolutionar-kampanda-i-augusti"},"author":{"name":"Mike Valtonen","@id":"https:\/\/turunmusiikkijuhlat.fi\/sv#\/schema\/person\/06b8f595e32618a7b11e4407e7d43552"},"headline":"\u00c5bo musikfestspel och Aboagora fyller Sibeliusmuseum med revolution\u00e4r kampanda i augusti","datePublished":"2024-05-27T06:00:29+00:00","dateModified":"2024-05-27T08:33:42+00:00","mainEntityOfPage":{"@id":"https:\/\/turunmusiikkijuhlat.fi\/sv\/abo-musikfestspel-och-aboagora-fyller-sibeliusmuseum-med-revolutionar-kampanda-i-augusti"},"wordCount":1373,"publisher":{"@id":"https:\/\/turunmusiikkijuhlat.fi\/sv#organization"},"image":{"@id":"https:\/\/turunmusiikkijuhlat.fi\/sv\/abo-musikfestspel-och-aboagora-fyller-sibeliusmuseum-med-revolutionar-kampanda-i-augusti#primaryimage"},"thumbnailUrl":"https:\/\/turunmusiikkijuhlat.fi\/wp-content\/uploads\/2024\/05\/banneri.png","articleSection":["Blogg"],"inLanguage":"sv-SE"},{"@type":"WebPage","@id":"https:\/\/turunmusiikkijuhlat.fi\/sv\/abo-musikfestspel-och-aboagora-fyller-sibeliusmuseum-med-revolutionar-kampanda-i-augusti","url":"https:\/\/turunmusiikkijuhlat.fi\/sv\/abo-musikfestspel-och-aboagora-fyller-sibeliusmuseum-med-revolutionar-kampanda-i-augusti","name":"\u00c5bo musikfestspel och Aboagora fyller Sibeliusmuseum med revolution\u00e4r kampanda i augusti | Turun musiikkijuhlat","isPartOf":{"@id":"https:\/\/turunmusiikkijuhlat.fi\/sv#website"},"primaryImageOfPage":{"@id":"https:\/\/turunmusiikkijuhlat.fi\/sv\/abo-musikfestspel-och-aboagora-fyller-sibeliusmuseum-med-revolutionar-kampanda-i-augusti#primaryimage"},"image":{"@id":"https:\/\/turunmusiikkijuhlat.fi\/sv\/abo-musikfestspel-och-aboagora-fyller-sibeliusmuseum-med-revolutionar-kampanda-i-augusti#primaryimage"},"thumbnailUrl":"https:\/\/turunmusiikkijuhlat.fi\/wp-content\/uploads\/2024\/05\/banneri.png","datePublished":"2024-05-27T06:00:29+00:00","dateModified":"2024-05-27T08:33:42+00:00","breadcrumb":{"@id":"https:\/\/turunmusiikkijuhlat.fi\/sv\/abo-musikfestspel-och-aboagora-fyller-sibeliusmuseum-med-revolutionar-kampanda-i-augusti#breadcrumb"},"inLanguage":"sv-SE","potentialAction":[{"@type":"ReadAction","target":["https:\/\/turunmusiikkijuhlat.fi\/sv\/abo-musikfestspel-och-aboagora-fyller-sibeliusmuseum-med-revolutionar-kampanda-i-augusti"]}]},{"@type":"ImageObject","inLanguage":"sv-SE","@id":"https:\/\/turunmusiikkijuhlat.fi\/sv\/abo-musikfestspel-och-aboagora-fyller-sibeliusmuseum-med-revolutionar-kampanda-i-augusti#primaryimage","url":"https:\/\/turunmusiikkijuhlat.fi\/wp-content\/uploads\/2024\/05\/banneri.png","contentUrl":"https:\/\/turunmusiikkijuhlat.fi\/wp-content\/uploads\/2024\/05\/banneri.png","width":1920,"height":1080},{"@type":"BreadcrumbList","@id":"https:\/\/turunmusiikkijuhlat.fi\/sv\/abo-musikfestspel-och-aboagora-fyller-sibeliusmuseum-med-revolutionar-kampanda-i-augusti#breadcrumb","itemListElement":[{"@type":"ListItem","position":1,"name":"Etusivu","item":"https:\/\/turunmusiikkijuhlat.fi\/sv"},{"@type":"ListItem","position":2,"name":"\u00c5bo musikfestspel och Aboagora fyller Sibeliusmuseum med revolution\u00e4r kampanda i augusti"}]},{"@type":"WebSite","@id":"https:\/\/turunmusiikkijuhlat.fi\/sv#website","url":"https:\/\/turunmusiikkijuhlat.fi\/sv","name":"Turun musiikkijuhlat","description":"Suomen vanhin yht\u00e4jaksoisesti toiminut musiikkifestivaali.","publisher":{"@id":"https:\/\/turunmusiikkijuhlat.fi\/sv#organization"},"potentialAction":[{"@type":"SearchAction","target":{"@type":"EntryPoint","urlTemplate":"https:\/\/turunmusiikkijuhlat.fi\/sv?s={search_term_string}"},"query-input":{"@type":"PropertyValueSpecification","valueRequired":true,"valueName":"search_term_string"}}],"inLanguage":"sv-SE"},{"@type":"Organization","@id":"https:\/\/turunmusiikkijuhlat.fi\/sv#organization","name":"Turun Musiikkijuhlat","url":"https:\/\/turunmusiikkijuhlat.fi\/sv","logo":{"@type":"ImageObject","inLanguage":"sv-SE","@id":"https:\/\/turunmusiikkijuhlat.fi\/sv#\/schema\/logo\/image\/","url":"https:\/\/turunmusiikkijuhlat.fi\/wp-content\/uploads\/2022\/04\/TMJ_logo_RGB_500px.png","contentUrl":"https:\/\/turunmusiikkijuhlat.fi\/wp-content\/uploads\/2022\/04\/TMJ_logo_RGB_500px.png","width":500,"height":151,"caption":"Turun Musiikkijuhlat"},"image":{"@id":"https:\/\/turunmusiikkijuhlat.fi\/sv#\/schema\/logo\/image\/"},"sameAs":["https:\/\/www.facebook.com\/Turunmusiikkijuhlat\/","https:\/\/x.com\/TurkuMusicFest","https:\/\/www.instagram.com\/turkumusicfestival\/","https:\/\/www.youtube.com\/user\/Turkumusic"]},{"@type":"Person","@id":"https:\/\/turunmusiikkijuhlat.fi\/sv#\/schema\/person\/06b8f595e32618a7b11e4407e7d43552","name":"Mike Valtonen"}]}},"_links":{"self":[{"href":"https:\/\/turunmusiikkijuhlat.fi\/sv\/wp-json\/wp\/v2\/posts\/13727","targetHints":{"allow":["GET"]}}],"collection":[{"href":"https:\/\/turunmusiikkijuhlat.fi\/sv\/wp-json\/wp\/v2\/posts"}],"about":[{"href":"https:\/\/turunmusiikkijuhlat.fi\/sv\/wp-json\/wp\/v2\/types\/post"}],"author":[{"embeddable":true,"href":"https:\/\/turunmusiikkijuhlat.fi\/sv\/wp-json\/wp\/v2\/users\/3"}],"replies":[{"embeddable":true,"href":"https:\/\/turunmusiikkijuhlat.fi\/sv\/wp-json\/wp\/v2\/comments?post=13727"}],"version-history":[{"count":0,"href":"https:\/\/turunmusiikkijuhlat.fi\/sv\/wp-json\/wp\/v2\/posts\/13727\/revisions"}],"wp:featuredmedia":[{"embeddable":true,"href":"https:\/\/turunmusiikkijuhlat.fi\/sv\/wp-json\/wp\/v2\/media\/13782"}],"wp:attachment":[{"href":"https:\/\/turunmusiikkijuhlat.fi\/sv\/wp-json\/wp\/v2\/media?parent=13727"}],"wp:term":[{"taxonomy":"category","embeddable":true,"href":"https:\/\/turunmusiikkijuhlat.fi\/sv\/wp-json\/wp\/v2\/categories?post=13727"},{"taxonomy":"post_tag","embeddable":true,"href":"https:\/\/turunmusiikkijuhlat.fi\/sv\/wp-json\/wp\/v2\/tags?post=13727"}],"curies":[{"name":"wp","href":"https:\/\/api.w.org\/{rel}","templated":true}]}}