{"id":13611,"date":"2024-05-22T09:00:56","date_gmt":"2024-05-22T06:00:56","guid":{"rendered":"https:\/\/turunmusiikkijuhlat.fi\/?p=13611"},"modified":"2024-05-29T16:46:13","modified_gmt":"2024-05-29T13:46:13","slug":"abo-musikfestspel-presenterar-pucciniopera-i-sigynsalen-i-juni","status":"publish","type":"post","link":"https:\/\/turunmusiikkijuhlat.fi\/sv\/abo-musikfestspel-presenterar-pucciniopera-i-sigynsalen-i-juni","title":{"rendered":"\u00c5bo musikfestspel presenterar Pucciniopera i Sigynsalen i juni"},"content":{"rendered":"[vc_row type=&#8221;in_container&#8221; full_screen_row_position=&#8221;middle&#8221; column_margin=&#8221;default&#8221; column_direction=&#8221;default&#8221; column_direction_tablet=&#8221;default&#8221; column_direction_phone=&#8221;default&#8221; scene_position=&#8221;center&#8221; text_color=&#8221;dark&#8221; text_align=&#8221;left&#8221; row_border_radius=&#8221;none&#8221; row_border_radius_applies=&#8221;bg&#8221; overflow=&#8221;visible&#8221; overlay_strength=&#8221;0.3&#8243; gradient_direction=&#8221;left_to_right&#8221; shape_divider_position=&#8221;bottom&#8221; bg_image_animation=&#8221;none&#8221;][vc_column column_padding=&#8221;no-extra-padding&#8221; column_padding_tablet=&#8221;inherit&#8221; column_padding_phone=&#8221;inherit&#8221; column_padding_position=&#8221;all&#8221; column_element_direction_desktop=&#8221;default&#8221; column_element_spacing=&#8221;default&#8221; desktop_text_alignment=&#8221;default&#8221; tablet_text_alignment=&#8221;default&#8221; phone_text_alignment=&#8221;default&#8221; background_color_opacity=&#8221;1&#8243; background_hover_color_opacity=&#8221;1&#8243; column_backdrop_filter=&#8221;none&#8221; column_shadow=&#8221;none&#8221; column_border_radius=&#8221;none&#8221; column_link_target=&#8221;_self&#8221; column_position=&#8221;default&#8221; gradient_direction=&#8221;left_to_right&#8221; overlay_strength=&#8221;0.3&#8243; width=&#8221;1\/1&#8243; tablet_width_inherit=&#8221;default&#8221; animation_type=&#8221;default&#8221; bg_image_animation=&#8221;none&#8221; border_type=&#8221;simple&#8221; column_border_width=&#8221;none&#8221; column_border_style=&#8221;solid&#8221;][vc_custom_heading text=&#8221;\u00c5BO MUSIKFESTSPEL PRESENTERAR PUCCINIOPERA I SIGYNSALEN I JUNI&#8221; font_container=&#8221;tag:h2|text_align:left|color:%23bc9634&#8243; use_theme_fonts=&#8221;yes&#8221; css=&#8221;&#8221;][vc_custom_heading text=&#8221;22.05.2024&#8243; font_container=&#8221;tag:h4|text_align:left|color:%23ee92c2&#8243; use_theme_fonts=&#8221;yes&#8221; css=&#8221;&#8221;][divider line_type=&#8221;No Line&#8221; custom_height=&#8221;30&#8243;][image_with_animation image_url=&#8221;13709&#8243; image_size=&#8221;full&#8221; animation_type=&#8221;entrance&#8221; animation=&#8221;None&#8221; animation_movement_type=&#8221;transform_y&#8221; hover_animation=&#8221;none&#8221; alignment=&#8221;&#8221; border_radius=&#8221;none&#8221; box_shadow=&#8221;none&#8221; image_loading=&#8221;default&#8221; max_width=&#8221;100%&#8221; max_width_mobile=&#8221;default&#8221;][vc_column_text css=&#8221;&#8221; text_direction=&#8221;default&#8221;]<strong><span class=\"TextRun SCXW245356734 BCX4\" lang=\"SV-SE\" xml:lang=\"SV-SE\" data-contrast=\"auto\"><span class=\"NormalTextRun SCXW245356734 BCX4\">Rauma <\/span><span class=\"NormalTextRun SpellingErrorV2Themed SCXW245356734 BCX4\">Festivos<\/span><span class=\"NormalTextRun SCXW245356734 BCX4\"> originalproduktion Toscas portr\u00e4tt \u00e4r en kammarversion av topptons\u00e4ttaren Giacomo Puccinis opera Tosca. \u00c5bo musikfestspel presenterar verket i Sigynsalen i samarbete med Rauma <\/span><span class=\"NormalTextRun SpellingErrorV2Themed SCXW245356734 BCX4\">Festivos<\/span><span class=\"NormalTextRun SCXW245356734 BCX4\"> konstn\u00e4rliga ledare Siljamari Heikinheimo.<\/span><\/span><span class=\"EOP SCXW245356734 BCX4\" data-ccp-props=\"{&quot;201341983&quot;:0,&quot;335559739&quot;:160,&quot;335559740&quot;:256}\">\u00a0<\/span><\/strong>[\/vc_column_text][vc_column_text css=&#8221;&#8221; text_direction=&#8221;default&#8221;]<span data-contrast=\"auto\">\u00c5bo musikfestspel g\u00e5r av stapeln 8\u201329 augusti 2024. Innan dess ordnar \u00c5bo musikfestspel en tjuvstart inf\u00f6r sommarens festspel i form av opera.<\/span><span data-ccp-props=\"{&quot;201341983&quot;:0,&quot;335559739&quot;:160,&quot;335559740&quot;:256}\">\u00a0<\/span><\/p>\n<p><span data-contrast=\"auto\">Toscas portr\u00e4tt f\u00f6r tre s\u00e5ngare och str\u00e5kkvartett komprimerar h\u00e4ndelserna i Puccinis opera till en och en halv timme. Den sceniska kammarversionen tar fasta p\u00e5 verkets intima nyanser och l\u00e5ter dem tr\u00e4nga in p\u00e5 huden. Titelrollen sjungs av sopranen Marjukka Tepponen, prisad ute i v\u00e4rlden f\u00f6r sina Pucciniroller. Rollen som polischefen Scarpia framf\u00f6rs av amerikanskf\u00f6dde barytonen Kevin Greenlaw, och bildkonstn\u00e4ren Cavaradossi sjungs av danska Peter Lodahl. Laura Hynninen i rollen som fallen \u00e4ngel m\u00e5lar i f\u00e4rger och former fram det som librettot inte uttalar h\u00f6gt.<\/span><span data-ccp-props=\"{&quot;201341983&quot;:0,&quot;335559739&quot;:160,&quot;335559740&quot;:256}\">\u00a0<\/span><\/p>\n<p><span data-contrast=\"auto\">Ikoniska operor beh\u00f6ver granskas i v\u00e5r tid. Tosca \u00e4r en tidl\u00f6s, vital kvinna som \u00e4r redo att agera och g\u00f6ra vad som helst f\u00f6r sina dr\u00f6mmar. Hon \u00e4r varken svag eller ett offer. Regiss\u00f6ren Siljamari Heikinheimo ber\u00e4ttar om behovet att ge kvinnliga rollfigurer mer djup:\u00a0<\/span><span data-ccp-props=\"{&quot;201341983&quot;:0,&quot;335559739&quot;:160,&quot;335559740&quot;:256}\">\u00a0<\/span><\/p>\n<p><span data-contrast=\"auto\">\u201dI popul\u00e4ra klassikeroperor \u00e4r kvinnans uppgift ofta skriven s\u00e5 att hon f\u00f6rst \u00e4r f\u00f6rem\u00e5l f\u00f6r m\u00e4ns beg\u00e4r och sedan lider en tragisk d\u00f6d. Jag \u00e4r intresserad av att se p\u00e5 gestalterna med fr\u00e4scha \u00f6gon och utforska hur m\u00e5ngsidigt och rikt det ur regiss\u00f6rens och s\u00e5ngarens synvinkel \u00e4r m\u00f6jligt att tolka operans kvinnogestalter.\u201d<\/span><span data-ccp-props=\"{&quot;201341983&quot;:0,&quot;335559739&quot;:160,&quot;335559740&quot;:256}\">\u00a0<\/span><\/p>\n<p><span data-contrast=\"auto\">Den livskraftiga rollen som Tosca g\u00f6rs i f\u00f6rest\u00e4llningen av Marjukka Tepponen, som i v\u00e5r har f\u00f6rtrollat publiken s\u00e5v\u00e4l i Karmelitsystrarna p\u00e5 Nationaloperan som i La Traviata vid Tammerforsoperan. H\u00f6sten 2024 ansluter sig Tepponen till solistgardet vid den ber\u00f6mda Semperoper i Dresden.<\/span><span data-ccp-props=\"{&quot;201341983&quot;:0,&quot;335559739&quot;:160,&quot;335559740&quot;:256}\">\u00a0<\/span><\/p>\n<p><span data-contrast=\"auto\">\u201dTosca i en s\u00e5dan h\u00e4r &#8217;miniversion&#8217; \u00e4r verkligen full fr\u00e4s fr\u00e5n b\u00f6rjan till slut. Ber\u00e4ttelsen \u00e4r mycket komprimerad och alla Tosca-hits skapar st\u00e4mningen. Det som g\u00f6r den h\u00e4r kammarversionen extra intressant \u00e4r musicerandet utan dirigent mellan s\u00e5ngarna och str\u00e5kkvartetten som fungerar som orkester.\u201d<\/span><span data-ccp-props=\"{&quot;201341983&quot;:0,&quot;335559739&quot;:160,&quot;335559740&quot;:256}\">\u00a0<\/span><\/p>\n<p><span data-contrast=\"auto\">Rollen som den l\u00f6mska Scarpia sjungs av Marjukkas egen make, barytonen Kevin Greenlaw.<\/span><span data-ccp-props=\"{&quot;201341983&quot;:0,&quot;335559739&quot;:160,&quot;335559740&quot;:256}\">\u00a0<\/span><\/p>\n<p><span data-contrast=\"auto\">\u201dDet \u00e4r speciellt h\u00e4rligt att ocks\u00e5 f\u00e5 g\u00f6ra opera med min man! I den h\u00e4r operan \u00e4r vi verkligen tv\u00e5 sidor av samma mynt i rollerna som Tosca och Scarpia. Vi f\u00e5r sl\u00e4ppa loss ordentligt tillsammans i en av operarepertoarens mest slagkraftiga scener. Det \u00e4r h\u00e4rligt att f\u00e5 g\u00f6ra en turn\u00e9 med den h\u00e4r specialversionen av legendariska Tosca!\u201d<\/span><span data-ccp-props=\"{&quot;201341983&quot;:0,&quot;335559739&quot;:160,&quot;335559740&quot;:256}\">\u00a0<\/span><\/p>\n<p><span data-contrast=\"auto\">Turn\u00e9n med Toscas portr\u00e4tt g\u00e5r ocks\u00e5 till Fredrikshamn och Helsingfors.\u00a0<\/span><span data-ccp-props=\"{&quot;201341983&quot;:0,&quot;335559739&quot;:160,&quot;335559740&quot;:256}\">\u00a0<\/span><\/p>\n<p><span data-contrast=\"auto\">Som m\u00e5nga klassikeroperor \u00e4r Tosca full av flammande k\u00e4rlek, dyster lust, r\u00e5tt v\u00e5ld och flera d\u00f6dsscener. I den h\u00e4r versionen putsar Auri Aholas koreografi ur r\u00f6relsesynvinkel dammet av speciellt de h\u00e4r dramatiska v\u00e4ndningarna. F\u00f6rest\u00e4llningen pr\u00e4glas ocks\u00e5 av bildkonstn\u00e4ren Laura Hynninen, som p\u00e5 scenen upptr\u00e4der som \u00e4ngel och m\u00e5lar \u00f6det, hoppet och underg\u00e5ngen i f\u00e4rger och former. Puccinis musik har arrangerats f\u00f6r str\u00e5kkvartett av Oslo-str\u00e5kkvartettens cellist <\/span><b><span data-contrast=\"auto\">\u00d8ystein Sonstad<\/span><\/b><span data-contrast=\"auto\">, som har en genial f\u00f6rm\u00e5ga att f\u00e5 str\u00e5kkvartetten att klinga lika fylligt som en symfoniorkester. F\u00f6rest\u00e4llningen f\u00f6rverkligas utan dirigent, allts\u00e5 b\u00f6r musikerna i kvartetten l\u00e5ta Tosca genomsyra blodomloppet. I kvartetten spelar allts\u00e5 toppmusikerna <\/span><b><span data-contrast=\"auto\">Jukka Merjanen<\/span><\/b><span data-contrast=\"auto\">, <\/span><b><span data-contrast=\"auto\">Matti Koponen<\/span><\/b><span data-contrast=\"auto\">, <\/span><b><span data-contrast=\"auto\">Eriikka Nylund<\/span><\/b><span data-contrast=\"auto\"> och <\/span><b><span data-contrast=\"auto\">Samuli Peltonen<\/span><\/b><span data-contrast=\"auto\">.\u00a0<\/span><span data-ccp-props=\"{&quot;201341983&quot;:0,&quot;335559739&quot;:160,&quot;335559740&quot;:256}\">\u00a0<\/span><\/p>\n<p><b><span data-contrast=\"auto\">Liisa Ketom\u00e4ki<\/span><\/b><span data-contrast=\"auto\">, VD vid Stiftelsen f\u00f6r \u00c5bo musikfestspel, ser m\u00f6jligheter i samarbetet:<\/span><br \/>\n<span data-contrast=\"auto\">\u201dP\u00e5 v\u00e4gen mot musikhuset Fuga \u00e4r det allt viktigare att f\u00f6rst\u00e4rka regionala, h\u00f6gklassiga partnerskap. I och med s\u00e5dana h\u00e4r samarbetsprojekt kan vi erbjuda h\u00f6gklassig opera och andra intressanta g\u00e4stspel med en h\u00e5llbar finansieringsbas. Ocks\u00e5 f\u00f6r egen del \u00e4r det h\u00e4rligt att f\u00e5 Kevin och Marjukka tillbaka till \u00c5bo. De m\u00f6ttes ju f\u00f6r f\u00f6rsta g\u00e5ngen i Mozarts Figaros br\u00f6llop 2013, en samarbetsproduktion mellan \u00c5bo musikfestspel, \u00c5bo filharmoniska orkester och \u00c5bo Svenska Teater! Det har varit en gl\u00e4dje att f\u00f6lja b\u00e4gges karri\u00e4r under \u00e5rens lopp\u201d, kommenterar hon.<\/span><span data-ccp-props=\"{&quot;201341983&quot;:0,&quot;335559739&quot;:160,&quot;335559740&quot;:256}\">\u00a0<\/span><\/p>\n<p><span data-contrast=\"auto\">F\u00f6rest\u00e4llningen ges i Sigynsalen l\u00f6rdag 8.6. kl. 18, biljetterna finns nu till f\u00f6rs\u00e4ljning via tmj.fi.<\/span>[\/vc_column_text][divider line_type=&#8221;No Line&#8221; custom_height=&#8221;30&#8243;][vc_custom_heading text=&#8221;Ytterligare information och intervjuf\u00f6rfr\u00e5gningar:&#8221; font_container=&#8221;tag:h4|text_align:left&#8221; css=&#8221;&#8221;][divider line_type=&#8221;No Line&#8221; custom_height=&#8221;15&#8243;][vc_column_text css=&#8221;&#8221; text_direction=&#8221;default&#8221;]<b><span data-contrast=\"auto\">Siljamari Heikinheimo,<\/span><\/b><span data-contrast=\"auto\"> regi och dramaturgi<\/span><span data-ccp-props=\"{&quot;201341983&quot;:0,&quot;335559739&quot;:160,&quot;335559740&quot;:256}\">\u00a0<\/span><\/p>\n<p><span data-contrast=\"auto\">siljamari.heikinheimo@gmail.com \/ +358 (0)44 284 8085<\/span><span data-ccp-props=\"{&quot;201341983&quot;:0,&quot;335559739&quot;:160,&quot;335559740&quot;:256}\">\u00a0<\/span><\/p>\n<p><b><span data-contrast=\"auto\">Eveliina Salminen<\/span><\/b><span data-contrast=\"auto\">, f\u00f6rs\u00e4ljnings- och marknadsf\u00f6ringschef, \u00c5bo musikfestspel\u00a0<\/span><span data-ccp-props=\"{&quot;201341983&quot;:0,&quot;335559739&quot;:160,&quot;335559740&quot;:256}\">\u00a0<\/span><\/p>\n<p><span data-contrast=\"auto\">eveliina.salminen@tmj.fi \/ +358 (0)40 524 5531<\/span><span data-ccp-props=\"{&quot;201341983&quot;:0,&quot;335559739&quot;:160,&quot;335559740&quot;:256}\">\u00a0<\/span>[\/vc_column_text][\/vc_column][\/vc_row]\n","protected":false},"excerpt":{"rendered":"<p>[vc_row type=&#8221;in_container&#8221; full_screen_row_position=&#8221;middle&#8221; column_margin=&#8221;default&#8221; column_direction=&#8221;default&#8221; column_direction_tablet=&#8221;default&#8221; column_direction_phone=&#8221;default&#8221; scene_position=&#8221;center&#8221; text_color=&#8221;dark&#8221; text_align=&#8221;left&#8221; row_border_radius=&#8221;none&#8221; row_border_radius_applies=&#8221;bg&#8221; overflow=&#8221;visible&#8221; overlay_strength=&#8221;0.3&#8243; gradient_direction=&#8221;left_to_right&#8221; shape_divider_position=&#8221;bottom&#8221; bg_image_animation=&#8221;none&#8221;][vc_column column_padding=&#8221;no-extra-padding&#8221; column_padding_tablet=&#8221;inherit&#8221; column_padding_phone=&#8221;inherit&#8221; column_padding_position=&#8221;all&#8221; column_element_direction_desktop=&#8221;default&#8221; column_element_spacing=&#8221;default&#8221; desktop_text_alignment=&#8221;default&#8221; tablet_text_alignment=&#8221;default&#8221; phone_text_alignment=&#8221;default&#8221; background_color_opacity=&#8221;1&#8243; background_hover_color_opacity=&#8221;1&#8243; column_backdrop_filter=&#8221;none&#8221; column_shadow=&#8221;none&#8221; column_border_radius=&#8221;none&#8221; column_link_target=&#8221;_self&#8221; column_position=&#8221;default&#8221; gradient_direction=&#8221;left_to_right&#8221; overlay_strength=&#8221;0.3&#8243; width=&#8221;1\/1&#8243; tablet_width_inherit=&#8221;default&#8221; animation_type=&#8221;default&#8221; bg_image_animation=&#8221;none&#8221; border_type=&#8221;simple&#8221; column_border_width=&#8221;none&#8221; column_border_style=&#8221;solid&#8221;][vc_custom_heading text=&#8221;\u00c5BO MUSIKFESTSPEL PRESENTERAR PUCCINIOPERA I SIGYNSALEN I JUNI&#8221;&#8230;<\/p>\n","protected":false},"author":3,"featured_media":13711,"comment_status":"closed","ping_status":"closed","sticky":false,"template":"","format":"standard","meta":{"_improvement_type_select":"improve_an_existing","_thumb_yes_seoaic":false,"_frame_yes_seoaic":false,"seoaic_generate_description":"","seoaic_improve_instructions_prompt":"","seoaic_rollback_content_improvement":"","seoaic_idea_thumbnail_generator":"","thumbnail_generated":false,"thumbnail_generate_prompt":"","seoaic_article_description":"","seoaic_article_subtitles":[],"footnotes":""},"categories":[33],"tags":[],"class_list":{"0":"post-13611","1":"post","2":"type-post","3":"status-publish","4":"format-standard","5":"has-post-thumbnail","7":"category-blogg"},"yoast_head":"<!-- This site is optimized with the Yoast SEO plugin v27.4 - https:\/\/yoast.com\/product\/yoast-seo-wordpress\/ -->\n<title>\u00c5bo musikfestspel presenterar Pucciniopera i Sigynsalen i juni | Turun musiikkijuhlat<\/title>\n<meta name=\"robots\" content=\"index, follow, max-snippet:-1, max-image-preview:large, max-video-preview:-1\" \/>\n<link rel=\"canonical\" href=\"https:\/\/turunmusiikkijuhlat.fi\/sv\/abo-musikfestspel-presenterar-pucciniopera-i-sigynsalen-i-juni\" \/>\n<meta property=\"og:locale\" content=\"sv_SE\" \/>\n<meta property=\"og:type\" content=\"article\" \/>\n<meta property=\"og:title\" content=\"\u00c5bo musikfestspel presenterar Pucciniopera i Sigynsalen i juni | Turun musiikkijuhlat\" \/>\n<meta property=\"og:description\" content=\"[vc_row type=&#8221;in_container&#8221; full_screen_row_position=&#8221;middle&#8221; column_margin=&#8221;default&#8221; column_direction=&#8221;default&#8221; column_direction_tablet=&#8221;default&#8221; column_direction_phone=&#8221;default&#8221; scene_position=&#8221;center&#8221; text_color=&#8221;dark&#8221; text_align=&#8221;left&#8221; row_border_radius=&#8221;none&#8221; row_border_radius_applies=&#8221;bg&#8221; overflow=&#8221;visible&#8221; overlay_strength=&#8221;0.3&#8243; gradient_direction=&#8221;left_to_right&#8221; shape_divider_position=&#8221;bottom&#8221; bg_image_animation=&#8221;none&#8221;][vc_column column_padding=&#8221;no-extra-padding&#8221; column_padding_tablet=&#8221;inherit&#8221; column_padding_phone=&#8221;inherit&#8221; column_padding_position=&#8221;all&#8221; column_element_direction_desktop=&#8221;default&#8221; column_element_spacing=&#8221;default&#8221; desktop_text_alignment=&#8221;default&#8221; tablet_text_alignment=&#8221;default&#8221; phone_text_alignment=&#8221;default&#8221; background_color_opacity=&#8221;1&#8243; background_hover_color_opacity=&#8221;1&#8243; column_backdrop_filter=&#8221;none&#8221; column_shadow=&#8221;none&#8221; column_border_radius=&#8221;none&#8221; column_link_target=&#8221;_self&#8221; column_position=&#8221;default&#8221; gradient_direction=&#8221;left_to_right&#8221; overlay_strength=&#8221;0.3&#8243; width=&#8221;1\/1&#8243; tablet_width_inherit=&#8221;default&#8221; animation_type=&#8221;default&#8221; bg_image_animation=&#8221;none&#8221; border_type=&#8221;simple&#8221; column_border_width=&#8221;none&#8221; column_border_style=&#8221;solid&#8221;][vc_custom_heading text=&#8221;\u00c5BO MUSIKFESTSPEL PRESENTERAR PUCCINIOPERA I SIGYNSALEN I JUNI&#8221;...\" \/>\n<meta property=\"og:url\" content=\"https:\/\/turunmusiikkijuhlat.fi\/sv\/abo-musikfestspel-presenterar-pucciniopera-i-sigynsalen-i-juni\" \/>\n<meta property=\"og:site_name\" content=\"Turun musiikkijuhlat\" \/>\n<meta property=\"article:publisher\" content=\"https:\/\/www.facebook.com\/Turunmusiikkijuhlat\/\" \/>\n<meta property=\"article:published_time\" content=\"2024-05-22T06:00:56+00:00\" \/>\n<meta property=\"article:modified_time\" content=\"2024-05-29T13:46:13+00:00\" \/>\n<meta property=\"og:image\" content=\"https:\/\/turunmusiikkijuhlat.fi\/wp-content\/uploads\/2024\/05\/tosca-1920x1080-1-1024x576.png\" \/>\n\t<meta property=\"og:image:width\" content=\"1024\" \/>\n\t<meta property=\"og:image:height\" content=\"576\" \/>\n\t<meta property=\"og:image:type\" content=\"image\/png\" \/>\n<meta name=\"author\" content=\"Mike Valtonen\" \/>\n<meta name=\"twitter:card\" content=\"summary_large_image\" \/>\n<meta name=\"twitter:creator\" content=\"@TurkuMusicFest\" \/>\n<meta name=\"twitter:site\" content=\"@TurkuMusicFest\" \/>\n<meta name=\"twitter:label1\" content=\"Skriven av\" \/>\n\t<meta name=\"twitter:data1\" content=\"Mike Valtonen\" \/>\n\t<meta name=\"twitter:label2\" content=\"Ber\u00e4knad l\u00e4stid\" \/>\n\t<meta name=\"twitter:data2\" content=\"5 minuter\" \/>\n<script type=\"application\/ld+json\" class=\"yoast-schema-graph\">{\"@context\":\"https:\\\/\\\/schema.org\",\"@graph\":[{\"@type\":\"Article\",\"@id\":\"https:\\\/\\\/turunmusiikkijuhlat.fi\\\/sv\\\/abo-musikfestspel-presenterar-pucciniopera-i-sigynsalen-i-juni#article\",\"isPartOf\":{\"@id\":\"https:\\\/\\\/turunmusiikkijuhlat.fi\\\/sv\\\/abo-musikfestspel-presenterar-pucciniopera-i-sigynsalen-i-juni\"},\"author\":{\"name\":\"Mike Valtonen\",\"@id\":\"https:\\\/\\\/turunmusiikkijuhlat.fi\\\/sv#\\\/schema\\\/person\\\/06b8f595e32618a7b11e4407e7d43552\"},\"headline\":\"\u00c5bo musikfestspel presenterar Pucciniopera i Sigynsalen i juni\",\"datePublished\":\"2024-05-22T06:00:56+00:00\",\"dateModified\":\"2024-05-29T13:46:13+00:00\",\"mainEntityOfPage\":{\"@id\":\"https:\\\/\\\/turunmusiikkijuhlat.fi\\\/sv\\\/abo-musikfestspel-presenterar-pucciniopera-i-sigynsalen-i-juni\"},\"wordCount\":1080,\"publisher\":{\"@id\":\"https:\\\/\\\/turunmusiikkijuhlat.fi\\\/sv#organization\"},\"image\":{\"@id\":\"https:\\\/\\\/turunmusiikkijuhlat.fi\\\/sv\\\/abo-musikfestspel-presenterar-pucciniopera-i-sigynsalen-i-juni#primaryimage\"},\"thumbnailUrl\":\"https:\\\/\\\/turunmusiikkijuhlat.fi\\\/wp-content\\\/uploads\\\/2024\\\/05\\\/tosca-1920x1080-1.png\",\"articleSection\":[\"Blogg\"],\"inLanguage\":\"sv-SE\"},{\"@type\":\"WebPage\",\"@id\":\"https:\\\/\\\/turunmusiikkijuhlat.fi\\\/sv\\\/abo-musikfestspel-presenterar-pucciniopera-i-sigynsalen-i-juni\",\"url\":\"https:\\\/\\\/turunmusiikkijuhlat.fi\\\/sv\\\/abo-musikfestspel-presenterar-pucciniopera-i-sigynsalen-i-juni\",\"name\":\"\u00c5bo musikfestspel presenterar Pucciniopera i Sigynsalen i juni | Turun musiikkijuhlat\",\"isPartOf\":{\"@id\":\"https:\\\/\\\/turunmusiikkijuhlat.fi\\\/sv#website\"},\"primaryImageOfPage\":{\"@id\":\"https:\\\/\\\/turunmusiikkijuhlat.fi\\\/sv\\\/abo-musikfestspel-presenterar-pucciniopera-i-sigynsalen-i-juni#primaryimage\"},\"image\":{\"@id\":\"https:\\\/\\\/turunmusiikkijuhlat.fi\\\/sv\\\/abo-musikfestspel-presenterar-pucciniopera-i-sigynsalen-i-juni#primaryimage\"},\"thumbnailUrl\":\"https:\\\/\\\/turunmusiikkijuhlat.fi\\\/wp-content\\\/uploads\\\/2024\\\/05\\\/tosca-1920x1080-1.png\",\"datePublished\":\"2024-05-22T06:00:56+00:00\",\"dateModified\":\"2024-05-29T13:46:13+00:00\",\"breadcrumb\":{\"@id\":\"https:\\\/\\\/turunmusiikkijuhlat.fi\\\/sv\\\/abo-musikfestspel-presenterar-pucciniopera-i-sigynsalen-i-juni#breadcrumb\"},\"inLanguage\":\"sv-SE\",\"potentialAction\":[{\"@type\":\"ReadAction\",\"target\":[\"https:\\\/\\\/turunmusiikkijuhlat.fi\\\/sv\\\/abo-musikfestspel-presenterar-pucciniopera-i-sigynsalen-i-juni\"]}]},{\"@type\":\"ImageObject\",\"inLanguage\":\"sv-SE\",\"@id\":\"https:\\\/\\\/turunmusiikkijuhlat.fi\\\/sv\\\/abo-musikfestspel-presenterar-pucciniopera-i-sigynsalen-i-juni#primaryimage\",\"url\":\"https:\\\/\\\/turunmusiikkijuhlat.fi\\\/wp-content\\\/uploads\\\/2024\\\/05\\\/tosca-1920x1080-1.png\",\"contentUrl\":\"https:\\\/\\\/turunmusiikkijuhlat.fi\\\/wp-content\\\/uploads\\\/2024\\\/05\\\/tosca-1920x1080-1.png\",\"width\":1920,\"height\":1080},{\"@type\":\"BreadcrumbList\",\"@id\":\"https:\\\/\\\/turunmusiikkijuhlat.fi\\\/sv\\\/abo-musikfestspel-presenterar-pucciniopera-i-sigynsalen-i-juni#breadcrumb\",\"itemListElement\":[{\"@type\":\"ListItem\",\"position\":1,\"name\":\"Etusivu\",\"item\":\"https:\\\/\\\/turunmusiikkijuhlat.fi\\\/sv\"},{\"@type\":\"ListItem\",\"position\":2,\"name\":\"\u00c5bo musikfestspel presenterar Pucciniopera i Sigynsalen i juni\"}]},{\"@type\":\"WebSite\",\"@id\":\"https:\\\/\\\/turunmusiikkijuhlat.fi\\\/sv#website\",\"url\":\"https:\\\/\\\/turunmusiikkijuhlat.fi\\\/sv\",\"name\":\"Turun musiikkijuhlat\",\"description\":\"Suomen vanhin yht\u00e4jaksoisesti toiminut musiikkifestivaali.\",\"publisher\":{\"@id\":\"https:\\\/\\\/turunmusiikkijuhlat.fi\\\/sv#organization\"},\"potentialAction\":[{\"@type\":\"SearchAction\",\"target\":{\"@type\":\"EntryPoint\",\"urlTemplate\":\"https:\\\/\\\/turunmusiikkijuhlat.fi\\\/sv?s={search_term_string}\"},\"query-input\":{\"@type\":\"PropertyValueSpecification\",\"valueRequired\":true,\"valueName\":\"search_term_string\"}}],\"inLanguage\":\"sv-SE\"},{\"@type\":\"Organization\",\"@id\":\"https:\\\/\\\/turunmusiikkijuhlat.fi\\\/sv#organization\",\"name\":\"Turun Musiikkijuhlat\",\"url\":\"https:\\\/\\\/turunmusiikkijuhlat.fi\\\/sv\",\"logo\":{\"@type\":\"ImageObject\",\"inLanguage\":\"sv-SE\",\"@id\":\"https:\\\/\\\/turunmusiikkijuhlat.fi\\\/sv#\\\/schema\\\/logo\\\/image\\\/\",\"url\":\"https:\\\/\\\/turunmusiikkijuhlat.fi\\\/wp-content\\\/uploads\\\/2022\\\/04\\\/TMJ_logo_RGB_500px.png\",\"contentUrl\":\"https:\\\/\\\/turunmusiikkijuhlat.fi\\\/wp-content\\\/uploads\\\/2022\\\/04\\\/TMJ_logo_RGB_500px.png\",\"width\":500,\"height\":151,\"caption\":\"Turun Musiikkijuhlat\"},\"image\":{\"@id\":\"https:\\\/\\\/turunmusiikkijuhlat.fi\\\/sv#\\\/schema\\\/logo\\\/image\\\/\"},\"sameAs\":[\"https:\\\/\\\/www.facebook.com\\\/Turunmusiikkijuhlat\\\/\",\"https:\\\/\\\/x.com\\\/TurkuMusicFest\",\"https:\\\/\\\/www.instagram.com\\\/turkumusicfestival\\\/\",\"https:\\\/\\\/www.youtube.com\\\/user\\\/Turkumusic\"]},{\"@type\":\"Person\",\"@id\":\"https:\\\/\\\/turunmusiikkijuhlat.fi\\\/sv#\\\/schema\\\/person\\\/06b8f595e32618a7b11e4407e7d43552\",\"name\":\"Mike Valtonen\"}]}<\/script>\n<!-- \/ Yoast SEO plugin. -->","yoast_head_json":{"title":"\u00c5bo musikfestspel presenterar Pucciniopera i Sigynsalen i juni | Turun musiikkijuhlat","robots":{"index":"index","follow":"follow","max-snippet":"max-snippet:-1","max-image-preview":"max-image-preview:large","max-video-preview":"max-video-preview:-1"},"canonical":"https:\/\/turunmusiikkijuhlat.fi\/sv\/abo-musikfestspel-presenterar-pucciniopera-i-sigynsalen-i-juni","og_locale":"sv_SE","og_type":"article","og_title":"\u00c5bo musikfestspel presenterar Pucciniopera i Sigynsalen i juni | Turun musiikkijuhlat","og_description":"[vc_row type=&#8221;in_container&#8221; full_screen_row_position=&#8221;middle&#8221; column_margin=&#8221;default&#8221; column_direction=&#8221;default&#8221; column_direction_tablet=&#8221;default&#8221; column_direction_phone=&#8221;default&#8221; scene_position=&#8221;center&#8221; text_color=&#8221;dark&#8221; text_align=&#8221;left&#8221; row_border_radius=&#8221;none&#8221; row_border_radius_applies=&#8221;bg&#8221; overflow=&#8221;visible&#8221; overlay_strength=&#8221;0.3&#8243; gradient_direction=&#8221;left_to_right&#8221; shape_divider_position=&#8221;bottom&#8221; bg_image_animation=&#8221;none&#8221;][vc_column column_padding=&#8221;no-extra-padding&#8221; column_padding_tablet=&#8221;inherit&#8221; column_padding_phone=&#8221;inherit&#8221; column_padding_position=&#8221;all&#8221; column_element_direction_desktop=&#8221;default&#8221; column_element_spacing=&#8221;default&#8221; desktop_text_alignment=&#8221;default&#8221; tablet_text_alignment=&#8221;default&#8221; phone_text_alignment=&#8221;default&#8221; background_color_opacity=&#8221;1&#8243; background_hover_color_opacity=&#8221;1&#8243; column_backdrop_filter=&#8221;none&#8221; column_shadow=&#8221;none&#8221; column_border_radius=&#8221;none&#8221; column_link_target=&#8221;_self&#8221; column_position=&#8221;default&#8221; gradient_direction=&#8221;left_to_right&#8221; overlay_strength=&#8221;0.3&#8243; width=&#8221;1\/1&#8243; tablet_width_inherit=&#8221;default&#8221; animation_type=&#8221;default&#8221; bg_image_animation=&#8221;none&#8221; border_type=&#8221;simple&#8221; column_border_width=&#8221;none&#8221; column_border_style=&#8221;solid&#8221;][vc_custom_heading text=&#8221;\u00c5BO MUSIKFESTSPEL PRESENTERAR PUCCINIOPERA I SIGYNSALEN I JUNI&#8221;...","og_url":"https:\/\/turunmusiikkijuhlat.fi\/sv\/abo-musikfestspel-presenterar-pucciniopera-i-sigynsalen-i-juni","og_site_name":"Turun musiikkijuhlat","article_publisher":"https:\/\/www.facebook.com\/Turunmusiikkijuhlat\/","article_published_time":"2024-05-22T06:00:56+00:00","article_modified_time":"2024-05-29T13:46:13+00:00","og_image":[{"width":1024,"height":576,"url":"https:\/\/turunmusiikkijuhlat.fi\/wp-content\/uploads\/2024\/05\/tosca-1920x1080-1-1024x576.png","type":"image\/png"}],"author":"Mike Valtonen","twitter_card":"summary_large_image","twitter_creator":"@TurkuMusicFest","twitter_site":"@TurkuMusicFest","twitter_misc":{"Skriven av":"Mike Valtonen","Ber\u00e4knad l\u00e4stid":"5 minuter"},"schema":{"@context":"https:\/\/schema.org","@graph":[{"@type":"Article","@id":"https:\/\/turunmusiikkijuhlat.fi\/sv\/abo-musikfestspel-presenterar-pucciniopera-i-sigynsalen-i-juni#article","isPartOf":{"@id":"https:\/\/turunmusiikkijuhlat.fi\/sv\/abo-musikfestspel-presenterar-pucciniopera-i-sigynsalen-i-juni"},"author":{"name":"Mike Valtonen","@id":"https:\/\/turunmusiikkijuhlat.fi\/sv#\/schema\/person\/06b8f595e32618a7b11e4407e7d43552"},"headline":"\u00c5bo musikfestspel presenterar Pucciniopera i Sigynsalen i juni","datePublished":"2024-05-22T06:00:56+00:00","dateModified":"2024-05-29T13:46:13+00:00","mainEntityOfPage":{"@id":"https:\/\/turunmusiikkijuhlat.fi\/sv\/abo-musikfestspel-presenterar-pucciniopera-i-sigynsalen-i-juni"},"wordCount":1080,"publisher":{"@id":"https:\/\/turunmusiikkijuhlat.fi\/sv#organization"},"image":{"@id":"https:\/\/turunmusiikkijuhlat.fi\/sv\/abo-musikfestspel-presenterar-pucciniopera-i-sigynsalen-i-juni#primaryimage"},"thumbnailUrl":"https:\/\/turunmusiikkijuhlat.fi\/wp-content\/uploads\/2024\/05\/tosca-1920x1080-1.png","articleSection":["Blogg"],"inLanguage":"sv-SE"},{"@type":"WebPage","@id":"https:\/\/turunmusiikkijuhlat.fi\/sv\/abo-musikfestspel-presenterar-pucciniopera-i-sigynsalen-i-juni","url":"https:\/\/turunmusiikkijuhlat.fi\/sv\/abo-musikfestspel-presenterar-pucciniopera-i-sigynsalen-i-juni","name":"\u00c5bo musikfestspel presenterar Pucciniopera i Sigynsalen i juni | Turun musiikkijuhlat","isPartOf":{"@id":"https:\/\/turunmusiikkijuhlat.fi\/sv#website"},"primaryImageOfPage":{"@id":"https:\/\/turunmusiikkijuhlat.fi\/sv\/abo-musikfestspel-presenterar-pucciniopera-i-sigynsalen-i-juni#primaryimage"},"image":{"@id":"https:\/\/turunmusiikkijuhlat.fi\/sv\/abo-musikfestspel-presenterar-pucciniopera-i-sigynsalen-i-juni#primaryimage"},"thumbnailUrl":"https:\/\/turunmusiikkijuhlat.fi\/wp-content\/uploads\/2024\/05\/tosca-1920x1080-1.png","datePublished":"2024-05-22T06:00:56+00:00","dateModified":"2024-05-29T13:46:13+00:00","breadcrumb":{"@id":"https:\/\/turunmusiikkijuhlat.fi\/sv\/abo-musikfestspel-presenterar-pucciniopera-i-sigynsalen-i-juni#breadcrumb"},"inLanguage":"sv-SE","potentialAction":[{"@type":"ReadAction","target":["https:\/\/turunmusiikkijuhlat.fi\/sv\/abo-musikfestspel-presenterar-pucciniopera-i-sigynsalen-i-juni"]}]},{"@type":"ImageObject","inLanguage":"sv-SE","@id":"https:\/\/turunmusiikkijuhlat.fi\/sv\/abo-musikfestspel-presenterar-pucciniopera-i-sigynsalen-i-juni#primaryimage","url":"https:\/\/turunmusiikkijuhlat.fi\/wp-content\/uploads\/2024\/05\/tosca-1920x1080-1.png","contentUrl":"https:\/\/turunmusiikkijuhlat.fi\/wp-content\/uploads\/2024\/05\/tosca-1920x1080-1.png","width":1920,"height":1080},{"@type":"BreadcrumbList","@id":"https:\/\/turunmusiikkijuhlat.fi\/sv\/abo-musikfestspel-presenterar-pucciniopera-i-sigynsalen-i-juni#breadcrumb","itemListElement":[{"@type":"ListItem","position":1,"name":"Etusivu","item":"https:\/\/turunmusiikkijuhlat.fi\/sv"},{"@type":"ListItem","position":2,"name":"\u00c5bo musikfestspel presenterar Pucciniopera i Sigynsalen i juni"}]},{"@type":"WebSite","@id":"https:\/\/turunmusiikkijuhlat.fi\/sv#website","url":"https:\/\/turunmusiikkijuhlat.fi\/sv","name":"Turun musiikkijuhlat","description":"Suomen vanhin yht\u00e4jaksoisesti toiminut musiikkifestivaali.","publisher":{"@id":"https:\/\/turunmusiikkijuhlat.fi\/sv#organization"},"potentialAction":[{"@type":"SearchAction","target":{"@type":"EntryPoint","urlTemplate":"https:\/\/turunmusiikkijuhlat.fi\/sv?s={search_term_string}"},"query-input":{"@type":"PropertyValueSpecification","valueRequired":true,"valueName":"search_term_string"}}],"inLanguage":"sv-SE"},{"@type":"Organization","@id":"https:\/\/turunmusiikkijuhlat.fi\/sv#organization","name":"Turun Musiikkijuhlat","url":"https:\/\/turunmusiikkijuhlat.fi\/sv","logo":{"@type":"ImageObject","inLanguage":"sv-SE","@id":"https:\/\/turunmusiikkijuhlat.fi\/sv#\/schema\/logo\/image\/","url":"https:\/\/turunmusiikkijuhlat.fi\/wp-content\/uploads\/2022\/04\/TMJ_logo_RGB_500px.png","contentUrl":"https:\/\/turunmusiikkijuhlat.fi\/wp-content\/uploads\/2022\/04\/TMJ_logo_RGB_500px.png","width":500,"height":151,"caption":"Turun Musiikkijuhlat"},"image":{"@id":"https:\/\/turunmusiikkijuhlat.fi\/sv#\/schema\/logo\/image\/"},"sameAs":["https:\/\/www.facebook.com\/Turunmusiikkijuhlat\/","https:\/\/x.com\/TurkuMusicFest","https:\/\/www.instagram.com\/turkumusicfestival\/","https:\/\/www.youtube.com\/user\/Turkumusic"]},{"@type":"Person","@id":"https:\/\/turunmusiikkijuhlat.fi\/sv#\/schema\/person\/06b8f595e32618a7b11e4407e7d43552","name":"Mike Valtonen"}]}},"_links":{"self":[{"href":"https:\/\/turunmusiikkijuhlat.fi\/sv\/wp-json\/wp\/v2\/posts\/13611","targetHints":{"allow":["GET"]}}],"collection":[{"href":"https:\/\/turunmusiikkijuhlat.fi\/sv\/wp-json\/wp\/v2\/posts"}],"about":[{"href":"https:\/\/turunmusiikkijuhlat.fi\/sv\/wp-json\/wp\/v2\/types\/post"}],"author":[{"embeddable":true,"href":"https:\/\/turunmusiikkijuhlat.fi\/sv\/wp-json\/wp\/v2\/users\/3"}],"replies":[{"embeddable":true,"href":"https:\/\/turunmusiikkijuhlat.fi\/sv\/wp-json\/wp\/v2\/comments?post=13611"}],"version-history":[{"count":0,"href":"https:\/\/turunmusiikkijuhlat.fi\/sv\/wp-json\/wp\/v2\/posts\/13611\/revisions"}],"wp:featuredmedia":[{"embeddable":true,"href":"https:\/\/turunmusiikkijuhlat.fi\/sv\/wp-json\/wp\/v2\/media\/13711"}],"wp:attachment":[{"href":"https:\/\/turunmusiikkijuhlat.fi\/sv\/wp-json\/wp\/v2\/media?parent=13611"}],"wp:term":[{"taxonomy":"category","embeddable":true,"href":"https:\/\/turunmusiikkijuhlat.fi\/sv\/wp-json\/wp\/v2\/categories?post=13611"},{"taxonomy":"post_tag","embeddable":true,"href":"https:\/\/turunmusiikkijuhlat.fi\/sv\/wp-json\/wp\/v2\/tags?post=13611"}],"curies":[{"name":"wp","href":"https:\/\/api.w.org\/{rel}","templated":true}]}}