{"id":13298,"date":"2024-04-11T11:42:07","date_gmt":"2024-04-11T08:42:07","guid":{"rendered":"https:\/\/turunmusiikkijuhlat.fi\/upea-talo-ansaitsee-upean-ohjelmiston"},"modified":"2024-04-15T12:58:58","modified_gmt":"2024-04-15T09:58:58","slug":"upea-talo-ansaitsee-upean-ohjelmiston","status":"publish","type":"post","link":"https:\/\/turunmusiikkijuhlat.fi\/sv\/upea-talo-ansaitsee-upean-ohjelmiston","title":{"rendered":"BLOGG: Ett storartat hus f\u00f6rtj\u00e4nar ett storartat program"},"content":{"rendered":"[vc_row type=&#8221;in_container&#8221; full_screen_row_position=&#8221;middle&#8221; column_margin=&#8221;default&#8221; column_direction=&#8221;default&#8221; column_direction_tablet=&#8221;default&#8221; column_direction_phone=&#8221;default&#8221; scene_position=&#8221;center&#8221; text_color=&#8221;dark&#8221; text_align=&#8221;left&#8221; row_border_radius=&#8221;none&#8221; row_border_radius_applies=&#8221;bg&#8221; overflow=&#8221;visible&#8221; overlay_strength=&#8221;0.3&#8243; gradient_direction=&#8221;left_to_right&#8221; shape_divider_position=&#8221;bottom&#8221; bg_image_animation=&#8221;none&#8221;][vc_column column_padding=&#8221;no-extra-padding&#8221; column_padding_tablet=&#8221;inherit&#8221; column_padding_phone=&#8221;inherit&#8221; column_padding_position=&#8221;all&#8221; column_element_direction_desktop=&#8221;default&#8221; column_element_spacing=&#8221;default&#8221; desktop_text_alignment=&#8221;default&#8221; tablet_text_alignment=&#8221;default&#8221; phone_text_alignment=&#8221;default&#8221; background_color_opacity=&#8221;1&#8243; background_hover_color_opacity=&#8221;1&#8243; column_backdrop_filter=&#8221;none&#8221; column_shadow=&#8221;none&#8221; column_border_radius=&#8221;none&#8221; column_link_target=&#8221;_self&#8221; column_position=&#8221;default&#8221; gradient_direction=&#8221;left_to_right&#8221; overlay_strength=&#8221;0.3&#8243; width=&#8221;1\/1&#8243; tablet_width_inherit=&#8221;default&#8221; animation_type=&#8221;default&#8221; bg_image_animation=&#8221;none&#8221; border_type=&#8221;simple&#8221; column_border_width=&#8221;none&#8221; column_border_style=&#8221;solid&#8221;][image_with_animation image_url=&#8221;13289&#8243; image_size=&#8221;full&#8221; animation_type=&#8221;entrance&#8221; animation=&#8221;None&#8221; animation_movement_type=&#8221;transform_y&#8221; hover_animation=&#8221;none&#8221; alignment=&#8221;&#8221; border_radius=&#8221;none&#8221; box_shadow=&#8221;none&#8221; image_loading=&#8221;default&#8221; max_width=&#8221;100%&#8221; max_width_mobile=&#8221;default&#8221;][vc_column_text text_direction=&#8221;default&#8221;]Beslutsfattarna i \u00c5bo har fattat historiska kulturbeslut. \u00c5bo f\u00e5r ett nytt konserthus och det st\u00e5tliga f\u00f6rslaget Harmoni har redan nu v\u00e4ckt internationell f\u00f6rtjusning. Konserthuset, Museum f\u00f6r historia och framtiden samt Konstens hus garanterar internationellt intresse visavi \u00c5bo redan innan byggnaderna invigts, p\u00e5 v\u00e4g mot 800-\u00e5rsjubileet.<\/p>\n<p>Efter de modiga besluten om f\u00f6rverkligandet b\u00f6r man granska konserthusets verksamhetskoncept och finansieringsbas noggrannare. Ett arkitektoniskt och akustiskt h\u00f6gklassigt hus f\u00f6r evenemang byggs vid Aura \u00e5. Tanken \u00e4r att huset ska ha dragningskraft ocks\u00e5 i fr\u00e5ga om utl\u00e4ndska toppkonstn\u00e4rer och turister. Att uppn\u00e5 internationell niv\u00e5 \u00e4r ingen sj\u00e4lvklarhet och endast praktfulla v\u00e4ggar r\u00e4cker inte. De mest efterfr\u00e5gade konstn\u00e4rerna v\u00e4ljer och vrakar bland v\u00e4rldens ledande konserthus och festivaler och konkurrensen \u00e4r h\u00e5rd d\u00e5 det g\u00e4ller att f\u00e5 dem att upptr\u00e4da. D\u00e4rf\u00f6r b\u00f6r man f\u00f6rst\u00e4rka de internationella n\u00e4tverken och ha direkta kontakter, s\u00e5 att husets potential kan utnyttjas till fullo.<\/p>\n<p>\u00c5bo musikfestspel har enligt sin strategi satsat p\u00e5 en h\u00f6gklassig internationell profil. Vi har lyckats f\u00e5 m\u00e5nga internationella g\u00e4stspel av toppklass till \u00c5bo. Det nya konserthuset ger \u00e4nnu b\u00e4ttre f\u00f6ruts\u00e4ttningar \u00e4n tidigare f\u00f6r detta, ifall det tas i beaktande d\u00e5 det g\u00e4ller husets verksamhetskoncept. P\u00e5 s\u00e5 s\u00e4tt kan \u00c5bo som kulturstad vara st\u00f6rre \u00e4n sin verkliga storlek.<\/p>\n<p>Samtidigt m\u00e5ste vi realistiskt beakta bland annat geografiskt l\u00e4ge och publikpotential. F\u00f6r att huset ska kunna leva \u00e5ret runt p\u00e5 en ekonomiskt h\u00e5llbar bas m\u00e5ste det kunna utnyttjas av m\u00e5nga akt\u00f6rer. Det \u00e4r tydligt att huset huvudsakligen anv\u00e4nds av orkestern, men i m\u00e5n av m\u00f6jlighet m\u00e5ste man i huset kunna framf\u00f6ra opera, erbjuda en estrad f\u00f6r \u00c5bos jazz- och dansf\u00e4lt, f\u00f6r k\u00f6rer, l\u00e4tt musik och popul\u00e4rkultur. Och \u00e4ven f\u00f6r allt annat som finns i det kulturellt rika \u00c5bo och som underh\u00e5ller publiken. Kongresser och firmatillst\u00e4llningar h\u00f6r hemma i ett hus, som \u00e4r en del av det dynamiska och innovativa \u00c5bo. I helheten ing\u00e5r \u00c5bos goda logi- och restaurangtj\u00e4nster och sk\u00e4rg\u00e5rden.<\/p>\n<p>Ett konserthus \u00e4r inte livskraftigt utan publik, utan kunder som betalar. Varje \u00c5bobo b\u00f6r uppleva huset som lockande och f\u00f6r g\u00e4ster som kommer fr\u00e5n annan ort m\u00e5ste man skapa en upplevelse av kvalitativt utbud och tj\u00e4nster. I konsertupplevelsen ing\u00e5r att kunna anl\u00e4nda till huset med kollektivtrafik eller egen bil, att garderobtj\u00e4nster och biljettf\u00f6rs\u00e4ljning fungerar, att kaf\u00e9- och restaurangtj\u00e4nsterna \u00e4r h\u00f6gklassiga, samt sj\u00e4lva upplevelsen p\u00e5 scenen.<\/p>\n<p>I och med det nya huset kan man allt starkare \u00e4n f\u00f6rr ocks\u00e5 satsa p\u00e5 att betj\u00e4na f\u00f6retagskunder och bygga upp partnerskap. I framtiden kan int\u00e4kterna fr\u00e5n dessa f\u00f6r sin del utg\u00f6ra en f\u00f6ruts\u00e4ttning f\u00f6r att internationella toppg\u00e4stspel ska kunna f\u00f6rverkligas. F\u00f6retagens g\u00e4ster kan vara med om upplevelser i \u00c5bo och \u00c5bobilden f\u00f6rst\u00e4rks.<\/p>\n<p>Offentliga konserter f\u00f6r publik har arrangerats sedan 1800-talet och formatet \u00e4r fortfarande i stort sett detsamma. Jag tror kunderna i framtiden ut\u00f6ver konsertupplevelsen vill ha \u00e4ven annat och hoppas att man i och med det nya konserthuset f\u00e5r se intressanta kreativa samarbetsprojekt med upplevelsecentrets spelakt\u00f6rer och \u00e4ven andra fr\u00e4scht nyt\u00e4nkande i fr\u00e5ga om upplevelser.<\/p>\n<p>Liisa Ketoma\u0308ki<br \/>\nVD<br \/>\nStiftelsen f\u00f6r \u00c5bo musikfestspel<\/p>\n<p><strong>Ursprungligen publicerad i Turun Sanomat 2022.<\/strong>[\/vc_column_text][\/vc_column][\/vc_row]\n","protected":false},"excerpt":{"rendered":"<p>[vc_row type=&#8221;in_container&#8221; full_screen_row_position=&#8221;middle&#8221; column_margin=&#8221;default&#8221; column_direction=&#8221;default&#8221; column_direction_tablet=&#8221;default&#8221; column_direction_phone=&#8221;default&#8221; scene_position=&#8221;center&#8221; text_color=&#8221;dark&#8221; text_align=&#8221;left&#8221; row_border_radius=&#8221;none&#8221; row_border_radius_applies=&#8221;bg&#8221; overflow=&#8221;visible&#8221; overlay_strength=&#8221;0.3&#8243; gradient_direction=&#8221;left_to_right&#8221; shape_divider_position=&#8221;bottom&#8221; bg_image_animation=&#8221;none&#8221;][vc_column column_padding=&#8221;no-extra-padding&#8221; column_padding_tablet=&#8221;inherit&#8221; column_padding_phone=&#8221;inherit&#8221; column_padding_position=&#8221;all&#8221; column_element_direction_desktop=&#8221;default&#8221; column_element_spacing=&#8221;default&#8221; desktop_text_alignment=&#8221;default&#8221; tablet_text_alignment=&#8221;default&#8221; phone_text_alignment=&#8221;default&#8221; background_color_opacity=&#8221;1&#8243; background_hover_color_opacity=&#8221;1&#8243; column_backdrop_filter=&#8221;none&#8221; column_shadow=&#8221;none&#8221; column_border_radius=&#8221;none&#8221; column_link_target=&#8221;_self&#8221; column_position=&#8221;default&#8221; gradient_direction=&#8221;left_to_right&#8221; overlay_strength=&#8221;0.3&#8243; width=&#8221;1\/1&#8243; tablet_width_inherit=&#8221;default&#8221; animation_type=&#8221;default&#8221; bg_image_animation=&#8221;none&#8221; border_type=&#8221;simple&#8221; column_border_width=&#8221;none&#8221; column_border_style=&#8221;solid&#8221;][image_with_animation image_url=&#8221;13289&#8243; image_size=&#8221;full&#8221; animation_type=&#8221;entrance&#8221; animation=&#8221;None&#8221; animation_movement_type=&#8221;transform_y&#8221; hover_animation=&#8221;none&#8221; alignment=&#8221;&#8221; border_radius=&#8221;none&#8221;&#8230;<\/p>\n","protected":false},"author":2,"featured_media":13291,"comment_status":"closed","ping_status":"closed","sticky":false,"template":"","format":"standard","meta":{"_improvement_type_select":"improve_an_existing","_thumb_yes_seoaic":false,"_frame_yes_seoaic":false,"seoaic_generate_description":"","seoaic_improve_instructions_prompt":"","seoaic_rollback_content_improvement":"","seoaic_idea_thumbnail_generator":"","thumbnail_generated":false,"thumbnail_generate_prompt":"","seoaic_article_description":"","seoaic_article_subtitles":[],"footnotes":""},"categories":[33],"tags":[],"class_list":{"0":"post-13298","1":"post","2":"type-post","3":"status-publish","4":"format-standard","5":"has-post-thumbnail","7":"category-blogg"},"yoast_head":"<!-- This site is optimized with the Yoast SEO plugin v27.4 - https:\/\/yoast.com\/product\/yoast-seo-wordpress\/ -->\n<title>BLOGG: Ett storartat hus f\u00f6rtj\u00e4nar ett storartat program | Turun musiikkijuhlat<\/title>\n<meta name=\"robots\" content=\"index, follow, max-snippet:-1, max-image-preview:large, max-video-preview:-1\" \/>\n<link rel=\"canonical\" href=\"https:\/\/turunmusiikkijuhlat.fi\/sv\/upea-talo-ansaitsee-upean-ohjelmiston\" \/>\n<meta property=\"og:locale\" content=\"sv_SE\" \/>\n<meta property=\"og:type\" content=\"article\" \/>\n<meta property=\"og:title\" content=\"BLOGG: Ett storartat hus f\u00f6rtj\u00e4nar ett storartat program | Turun musiikkijuhlat\" \/>\n<meta property=\"og:description\" content=\"[vc_row type=&#8221;in_container&#8221; full_screen_row_position=&#8221;middle&#8221; column_margin=&#8221;default&#8221; column_direction=&#8221;default&#8221; column_direction_tablet=&#8221;default&#8221; column_direction_phone=&#8221;default&#8221; scene_position=&#8221;center&#8221; text_color=&#8221;dark&#8221; text_align=&#8221;left&#8221; row_border_radius=&#8221;none&#8221; row_border_radius_applies=&#8221;bg&#8221; overflow=&#8221;visible&#8221; overlay_strength=&#8221;0.3&#8243; gradient_direction=&#8221;left_to_right&#8221; shape_divider_position=&#8221;bottom&#8221; bg_image_animation=&#8221;none&#8221;][vc_column column_padding=&#8221;no-extra-padding&#8221; column_padding_tablet=&#8221;inherit&#8221; column_padding_phone=&#8221;inherit&#8221; column_padding_position=&#8221;all&#8221; column_element_direction_desktop=&#8221;default&#8221; column_element_spacing=&#8221;default&#8221; desktop_text_alignment=&#8221;default&#8221; tablet_text_alignment=&#8221;default&#8221; phone_text_alignment=&#8221;default&#8221; background_color_opacity=&#8221;1&#8243; background_hover_color_opacity=&#8221;1&#8243; column_backdrop_filter=&#8221;none&#8221; column_shadow=&#8221;none&#8221; column_border_radius=&#8221;none&#8221; column_link_target=&#8221;_self&#8221; column_position=&#8221;default&#8221; gradient_direction=&#8221;left_to_right&#8221; overlay_strength=&#8221;0.3&#8243; width=&#8221;1\/1&#8243; tablet_width_inherit=&#8221;default&#8221; animation_type=&#8221;default&#8221; bg_image_animation=&#8221;none&#8221; border_type=&#8221;simple&#8221; column_border_width=&#8221;none&#8221; column_border_style=&#8221;solid&#8221;][image_with_animation image_url=&#8221;13289&#8243; image_size=&#8221;full&#8221; animation_type=&#8221;entrance&#8221; animation=&#8221;None&#8221; animation_movement_type=&#8221;transform_y&#8221; hover_animation=&#8221;none&#8221; alignment=&#8221;&#8221; border_radius=&#8221;none&#8221;...\" \/>\n<meta property=\"og:url\" content=\"https:\/\/turunmusiikkijuhlat.fi\/sv\/upea-talo-ansaitsee-upean-ohjelmiston\" \/>\n<meta property=\"og:site_name\" content=\"Turun musiikkijuhlat\" \/>\n<meta property=\"article:publisher\" content=\"https:\/\/www.facebook.com\/Turunmusiikkijuhlat\/\" \/>\n<meta property=\"article:published_time\" content=\"2024-04-11T08:42:07+00:00\" \/>\n<meta property=\"article:modified_time\" content=\"2024-04-15T09:58:58+00:00\" \/>\n<meta property=\"og:image\" content=\"https:\/\/turunmusiikkijuhlat.fi\/wp-content\/uploads\/2024\/04\/Liisa_blogi.png\" \/>\n\t<meta property=\"og:image:width\" content=\"1920\" \/>\n\t<meta property=\"og:image:height\" content=\"1080\" \/>\n\t<meta property=\"og:image:type\" content=\"image\/png\" \/>\n<meta name=\"author\" content=\"Eveliina Salminen\" \/>\n<meta name=\"twitter:card\" content=\"summary_large_image\" \/>\n<meta name=\"twitter:creator\" content=\"@TurkuMusicFest\" \/>\n<meta name=\"twitter:site\" content=\"@TurkuMusicFest\" \/>\n<meta name=\"twitter:label1\" content=\"Skriven av\" \/>\n\t<meta name=\"twitter:data1\" content=\"Eveliina Salminen\" \/>\n\t<meta name=\"twitter:label2\" content=\"Ber\u00e4knad l\u00e4stid\" \/>\n\t<meta name=\"twitter:data2\" content=\"3 minuter\" \/>\n<script type=\"application\/ld+json\" class=\"yoast-schema-graph\">{\"@context\":\"https:\\\/\\\/schema.org\",\"@graph\":[{\"@type\":\"Article\",\"@id\":\"https:\\\/\\\/turunmusiikkijuhlat.fi\\\/sv\\\/upea-talo-ansaitsee-upean-ohjelmiston#article\",\"isPartOf\":{\"@id\":\"https:\\\/\\\/turunmusiikkijuhlat.fi\\\/sv\\\/upea-talo-ansaitsee-upean-ohjelmiston\"},\"author\":{\"name\":\"Eveliina Salminen\",\"@id\":\"https:\\\/\\\/turunmusiikkijuhlat.fi\\\/sv#\\\/schema\\\/person\\\/a13da56a0233d63a74c01ff90b381440\"},\"headline\":\"BLOGG: Ett storartat hus f\u00f6rtj\u00e4nar ett storartat program\",\"datePublished\":\"2024-04-11T08:42:07+00:00\",\"dateModified\":\"2024-04-15T09:58:58+00:00\",\"mainEntityOfPage\":{\"@id\":\"https:\\\/\\\/turunmusiikkijuhlat.fi\\\/sv\\\/upea-talo-ansaitsee-upean-ohjelmiston\"},\"wordCount\":812,\"publisher\":{\"@id\":\"https:\\\/\\\/turunmusiikkijuhlat.fi\\\/sv#organization\"},\"image\":{\"@id\":\"https:\\\/\\\/turunmusiikkijuhlat.fi\\\/sv\\\/upea-talo-ansaitsee-upean-ohjelmiston#primaryimage\"},\"thumbnailUrl\":\"https:\\\/\\\/turunmusiikkijuhlat.fi\\\/wp-content\\\/uploads\\\/2024\\\/04\\\/Liisa_blogi.png\",\"articleSection\":[\"Blogg\"],\"inLanguage\":\"sv-SE\"},{\"@type\":\"WebPage\",\"@id\":\"https:\\\/\\\/turunmusiikkijuhlat.fi\\\/sv\\\/upea-talo-ansaitsee-upean-ohjelmiston\",\"url\":\"https:\\\/\\\/turunmusiikkijuhlat.fi\\\/sv\\\/upea-talo-ansaitsee-upean-ohjelmiston\",\"name\":\"BLOGG: Ett storartat hus f\u00f6rtj\u00e4nar ett storartat program | Turun musiikkijuhlat\",\"isPartOf\":{\"@id\":\"https:\\\/\\\/turunmusiikkijuhlat.fi\\\/sv#website\"},\"primaryImageOfPage\":{\"@id\":\"https:\\\/\\\/turunmusiikkijuhlat.fi\\\/sv\\\/upea-talo-ansaitsee-upean-ohjelmiston#primaryimage\"},\"image\":{\"@id\":\"https:\\\/\\\/turunmusiikkijuhlat.fi\\\/sv\\\/upea-talo-ansaitsee-upean-ohjelmiston#primaryimage\"},\"thumbnailUrl\":\"https:\\\/\\\/turunmusiikkijuhlat.fi\\\/wp-content\\\/uploads\\\/2024\\\/04\\\/Liisa_blogi.png\",\"datePublished\":\"2024-04-11T08:42:07+00:00\",\"dateModified\":\"2024-04-15T09:58:58+00:00\",\"breadcrumb\":{\"@id\":\"https:\\\/\\\/turunmusiikkijuhlat.fi\\\/sv\\\/upea-talo-ansaitsee-upean-ohjelmiston#breadcrumb\"},\"inLanguage\":\"sv-SE\",\"potentialAction\":[{\"@type\":\"ReadAction\",\"target\":[\"https:\\\/\\\/turunmusiikkijuhlat.fi\\\/sv\\\/upea-talo-ansaitsee-upean-ohjelmiston\"]}]},{\"@type\":\"ImageObject\",\"inLanguage\":\"sv-SE\",\"@id\":\"https:\\\/\\\/turunmusiikkijuhlat.fi\\\/sv\\\/upea-talo-ansaitsee-upean-ohjelmiston#primaryimage\",\"url\":\"https:\\\/\\\/turunmusiikkijuhlat.fi\\\/wp-content\\\/uploads\\\/2024\\\/04\\\/Liisa_blogi.png\",\"contentUrl\":\"https:\\\/\\\/turunmusiikkijuhlat.fi\\\/wp-content\\\/uploads\\\/2024\\\/04\\\/Liisa_blogi.png\",\"width\":1920,\"height\":1080},{\"@type\":\"BreadcrumbList\",\"@id\":\"https:\\\/\\\/turunmusiikkijuhlat.fi\\\/sv\\\/upea-talo-ansaitsee-upean-ohjelmiston#breadcrumb\",\"itemListElement\":[{\"@type\":\"ListItem\",\"position\":1,\"name\":\"Etusivu\",\"item\":\"https:\\\/\\\/turunmusiikkijuhlat.fi\\\/sv\"},{\"@type\":\"ListItem\",\"position\":2,\"name\":\"BLOGG: Ett storartat hus f\u00f6rtj\u00e4nar ett storartat program\"}]},{\"@type\":\"WebSite\",\"@id\":\"https:\\\/\\\/turunmusiikkijuhlat.fi\\\/sv#website\",\"url\":\"https:\\\/\\\/turunmusiikkijuhlat.fi\\\/sv\",\"name\":\"Turun musiikkijuhlat\",\"description\":\"Suomen vanhin yht\u00e4jaksoisesti toiminut musiikkifestivaali.\",\"publisher\":{\"@id\":\"https:\\\/\\\/turunmusiikkijuhlat.fi\\\/sv#organization\"},\"potentialAction\":[{\"@type\":\"SearchAction\",\"target\":{\"@type\":\"EntryPoint\",\"urlTemplate\":\"https:\\\/\\\/turunmusiikkijuhlat.fi\\\/sv?s={search_term_string}\"},\"query-input\":{\"@type\":\"PropertyValueSpecification\",\"valueRequired\":true,\"valueName\":\"search_term_string\"}}],\"inLanguage\":\"sv-SE\"},{\"@type\":\"Organization\",\"@id\":\"https:\\\/\\\/turunmusiikkijuhlat.fi\\\/sv#organization\",\"name\":\"Turun Musiikkijuhlat\",\"url\":\"https:\\\/\\\/turunmusiikkijuhlat.fi\\\/sv\",\"logo\":{\"@type\":\"ImageObject\",\"inLanguage\":\"sv-SE\",\"@id\":\"https:\\\/\\\/turunmusiikkijuhlat.fi\\\/sv#\\\/schema\\\/logo\\\/image\\\/\",\"url\":\"https:\\\/\\\/turunmusiikkijuhlat.fi\\\/wp-content\\\/uploads\\\/2022\\\/04\\\/TMJ_logo_RGB_500px.png\",\"contentUrl\":\"https:\\\/\\\/turunmusiikkijuhlat.fi\\\/wp-content\\\/uploads\\\/2022\\\/04\\\/TMJ_logo_RGB_500px.png\",\"width\":500,\"height\":151,\"caption\":\"Turun Musiikkijuhlat\"},\"image\":{\"@id\":\"https:\\\/\\\/turunmusiikkijuhlat.fi\\\/sv#\\\/schema\\\/logo\\\/image\\\/\"},\"sameAs\":[\"https:\\\/\\\/www.facebook.com\\\/Turunmusiikkijuhlat\\\/\",\"https:\\\/\\\/x.com\\\/TurkuMusicFest\",\"https:\\\/\\\/www.instagram.com\\\/turkumusicfestival\\\/\",\"https:\\\/\\\/www.youtube.com\\\/user\\\/Turkumusic\"]},{\"@type\":\"Person\",\"@id\":\"https:\\\/\\\/turunmusiikkijuhlat.fi\\\/sv#\\\/schema\\\/person\\\/a13da56a0233d63a74c01ff90b381440\",\"name\":\"Eveliina Salminen\"}]}<\/script>\n<!-- \/ Yoast SEO plugin. -->","yoast_head_json":{"title":"BLOGG: Ett storartat hus f\u00f6rtj\u00e4nar ett storartat program | Turun musiikkijuhlat","robots":{"index":"index","follow":"follow","max-snippet":"max-snippet:-1","max-image-preview":"max-image-preview:large","max-video-preview":"max-video-preview:-1"},"canonical":"https:\/\/turunmusiikkijuhlat.fi\/sv\/upea-talo-ansaitsee-upean-ohjelmiston","og_locale":"sv_SE","og_type":"article","og_title":"BLOGG: Ett storartat hus f\u00f6rtj\u00e4nar ett storartat program | Turun musiikkijuhlat","og_description":"[vc_row type=&#8221;in_container&#8221; full_screen_row_position=&#8221;middle&#8221; column_margin=&#8221;default&#8221; column_direction=&#8221;default&#8221; column_direction_tablet=&#8221;default&#8221; column_direction_phone=&#8221;default&#8221; scene_position=&#8221;center&#8221; text_color=&#8221;dark&#8221; text_align=&#8221;left&#8221; row_border_radius=&#8221;none&#8221; row_border_radius_applies=&#8221;bg&#8221; overflow=&#8221;visible&#8221; overlay_strength=&#8221;0.3&#8243; gradient_direction=&#8221;left_to_right&#8221; shape_divider_position=&#8221;bottom&#8221; bg_image_animation=&#8221;none&#8221;][vc_column column_padding=&#8221;no-extra-padding&#8221; column_padding_tablet=&#8221;inherit&#8221; column_padding_phone=&#8221;inherit&#8221; column_padding_position=&#8221;all&#8221; column_element_direction_desktop=&#8221;default&#8221; column_element_spacing=&#8221;default&#8221; desktop_text_alignment=&#8221;default&#8221; tablet_text_alignment=&#8221;default&#8221; phone_text_alignment=&#8221;default&#8221; background_color_opacity=&#8221;1&#8243; background_hover_color_opacity=&#8221;1&#8243; column_backdrop_filter=&#8221;none&#8221; column_shadow=&#8221;none&#8221; column_border_radius=&#8221;none&#8221; column_link_target=&#8221;_self&#8221; column_position=&#8221;default&#8221; gradient_direction=&#8221;left_to_right&#8221; overlay_strength=&#8221;0.3&#8243; width=&#8221;1\/1&#8243; tablet_width_inherit=&#8221;default&#8221; animation_type=&#8221;default&#8221; bg_image_animation=&#8221;none&#8221; border_type=&#8221;simple&#8221; column_border_width=&#8221;none&#8221; column_border_style=&#8221;solid&#8221;][image_with_animation image_url=&#8221;13289&#8243; image_size=&#8221;full&#8221; animation_type=&#8221;entrance&#8221; animation=&#8221;None&#8221; animation_movement_type=&#8221;transform_y&#8221; hover_animation=&#8221;none&#8221; alignment=&#8221;&#8221; border_radius=&#8221;none&#8221;...","og_url":"https:\/\/turunmusiikkijuhlat.fi\/sv\/upea-talo-ansaitsee-upean-ohjelmiston","og_site_name":"Turun musiikkijuhlat","article_publisher":"https:\/\/www.facebook.com\/Turunmusiikkijuhlat\/","article_published_time":"2024-04-11T08:42:07+00:00","article_modified_time":"2024-04-15T09:58:58+00:00","og_image":[{"width":1920,"height":1080,"url":"https:\/\/turunmusiikkijuhlat.fi\/wp-content\/uploads\/2024\/04\/Liisa_blogi.png","type":"image\/png"}],"author":"Eveliina Salminen","twitter_card":"summary_large_image","twitter_creator":"@TurkuMusicFest","twitter_site":"@TurkuMusicFest","twitter_misc":{"Skriven av":"Eveliina Salminen","Ber\u00e4knad l\u00e4stid":"3 minuter"},"schema":{"@context":"https:\/\/schema.org","@graph":[{"@type":"Article","@id":"https:\/\/turunmusiikkijuhlat.fi\/sv\/upea-talo-ansaitsee-upean-ohjelmiston#article","isPartOf":{"@id":"https:\/\/turunmusiikkijuhlat.fi\/sv\/upea-talo-ansaitsee-upean-ohjelmiston"},"author":{"name":"Eveliina Salminen","@id":"https:\/\/turunmusiikkijuhlat.fi\/sv#\/schema\/person\/a13da56a0233d63a74c01ff90b381440"},"headline":"BLOGG: Ett storartat hus f\u00f6rtj\u00e4nar ett storartat program","datePublished":"2024-04-11T08:42:07+00:00","dateModified":"2024-04-15T09:58:58+00:00","mainEntityOfPage":{"@id":"https:\/\/turunmusiikkijuhlat.fi\/sv\/upea-talo-ansaitsee-upean-ohjelmiston"},"wordCount":812,"publisher":{"@id":"https:\/\/turunmusiikkijuhlat.fi\/sv#organization"},"image":{"@id":"https:\/\/turunmusiikkijuhlat.fi\/sv\/upea-talo-ansaitsee-upean-ohjelmiston#primaryimage"},"thumbnailUrl":"https:\/\/turunmusiikkijuhlat.fi\/wp-content\/uploads\/2024\/04\/Liisa_blogi.png","articleSection":["Blogg"],"inLanguage":"sv-SE"},{"@type":"WebPage","@id":"https:\/\/turunmusiikkijuhlat.fi\/sv\/upea-talo-ansaitsee-upean-ohjelmiston","url":"https:\/\/turunmusiikkijuhlat.fi\/sv\/upea-talo-ansaitsee-upean-ohjelmiston","name":"BLOGG: Ett storartat hus f\u00f6rtj\u00e4nar ett storartat program | Turun musiikkijuhlat","isPartOf":{"@id":"https:\/\/turunmusiikkijuhlat.fi\/sv#website"},"primaryImageOfPage":{"@id":"https:\/\/turunmusiikkijuhlat.fi\/sv\/upea-talo-ansaitsee-upean-ohjelmiston#primaryimage"},"image":{"@id":"https:\/\/turunmusiikkijuhlat.fi\/sv\/upea-talo-ansaitsee-upean-ohjelmiston#primaryimage"},"thumbnailUrl":"https:\/\/turunmusiikkijuhlat.fi\/wp-content\/uploads\/2024\/04\/Liisa_blogi.png","datePublished":"2024-04-11T08:42:07+00:00","dateModified":"2024-04-15T09:58:58+00:00","breadcrumb":{"@id":"https:\/\/turunmusiikkijuhlat.fi\/sv\/upea-talo-ansaitsee-upean-ohjelmiston#breadcrumb"},"inLanguage":"sv-SE","potentialAction":[{"@type":"ReadAction","target":["https:\/\/turunmusiikkijuhlat.fi\/sv\/upea-talo-ansaitsee-upean-ohjelmiston"]}]},{"@type":"ImageObject","inLanguage":"sv-SE","@id":"https:\/\/turunmusiikkijuhlat.fi\/sv\/upea-talo-ansaitsee-upean-ohjelmiston#primaryimage","url":"https:\/\/turunmusiikkijuhlat.fi\/wp-content\/uploads\/2024\/04\/Liisa_blogi.png","contentUrl":"https:\/\/turunmusiikkijuhlat.fi\/wp-content\/uploads\/2024\/04\/Liisa_blogi.png","width":1920,"height":1080},{"@type":"BreadcrumbList","@id":"https:\/\/turunmusiikkijuhlat.fi\/sv\/upea-talo-ansaitsee-upean-ohjelmiston#breadcrumb","itemListElement":[{"@type":"ListItem","position":1,"name":"Etusivu","item":"https:\/\/turunmusiikkijuhlat.fi\/sv"},{"@type":"ListItem","position":2,"name":"BLOGG: Ett storartat hus f\u00f6rtj\u00e4nar ett storartat program"}]},{"@type":"WebSite","@id":"https:\/\/turunmusiikkijuhlat.fi\/sv#website","url":"https:\/\/turunmusiikkijuhlat.fi\/sv","name":"Turun musiikkijuhlat","description":"Suomen vanhin yht\u00e4jaksoisesti toiminut musiikkifestivaali.","publisher":{"@id":"https:\/\/turunmusiikkijuhlat.fi\/sv#organization"},"potentialAction":[{"@type":"SearchAction","target":{"@type":"EntryPoint","urlTemplate":"https:\/\/turunmusiikkijuhlat.fi\/sv?s={search_term_string}"},"query-input":{"@type":"PropertyValueSpecification","valueRequired":true,"valueName":"search_term_string"}}],"inLanguage":"sv-SE"},{"@type":"Organization","@id":"https:\/\/turunmusiikkijuhlat.fi\/sv#organization","name":"Turun Musiikkijuhlat","url":"https:\/\/turunmusiikkijuhlat.fi\/sv","logo":{"@type":"ImageObject","inLanguage":"sv-SE","@id":"https:\/\/turunmusiikkijuhlat.fi\/sv#\/schema\/logo\/image\/","url":"https:\/\/turunmusiikkijuhlat.fi\/wp-content\/uploads\/2022\/04\/TMJ_logo_RGB_500px.png","contentUrl":"https:\/\/turunmusiikkijuhlat.fi\/wp-content\/uploads\/2022\/04\/TMJ_logo_RGB_500px.png","width":500,"height":151,"caption":"Turun Musiikkijuhlat"},"image":{"@id":"https:\/\/turunmusiikkijuhlat.fi\/sv#\/schema\/logo\/image\/"},"sameAs":["https:\/\/www.facebook.com\/Turunmusiikkijuhlat\/","https:\/\/x.com\/TurkuMusicFest","https:\/\/www.instagram.com\/turkumusicfestival\/","https:\/\/www.youtube.com\/user\/Turkumusic"]},{"@type":"Person","@id":"https:\/\/turunmusiikkijuhlat.fi\/sv#\/schema\/person\/a13da56a0233d63a74c01ff90b381440","name":"Eveliina Salminen"}]}},"_links":{"self":[{"href":"https:\/\/turunmusiikkijuhlat.fi\/sv\/wp-json\/wp\/v2\/posts\/13298","targetHints":{"allow":["GET"]}}],"collection":[{"href":"https:\/\/turunmusiikkijuhlat.fi\/sv\/wp-json\/wp\/v2\/posts"}],"about":[{"href":"https:\/\/turunmusiikkijuhlat.fi\/sv\/wp-json\/wp\/v2\/types\/post"}],"author":[{"embeddable":true,"href":"https:\/\/turunmusiikkijuhlat.fi\/sv\/wp-json\/wp\/v2\/users\/2"}],"replies":[{"embeddable":true,"href":"https:\/\/turunmusiikkijuhlat.fi\/sv\/wp-json\/wp\/v2\/comments?post=13298"}],"version-history":[{"count":0,"href":"https:\/\/turunmusiikkijuhlat.fi\/sv\/wp-json\/wp\/v2\/posts\/13298\/revisions"}],"wp:featuredmedia":[{"embeddable":true,"href":"https:\/\/turunmusiikkijuhlat.fi\/sv\/wp-json\/wp\/v2\/media\/13291"}],"wp:attachment":[{"href":"https:\/\/turunmusiikkijuhlat.fi\/sv\/wp-json\/wp\/v2\/media?parent=13298"}],"wp:term":[{"taxonomy":"category","embeddable":true,"href":"https:\/\/turunmusiikkijuhlat.fi\/sv\/wp-json\/wp\/v2\/categories?post=13298"},{"taxonomy":"post_tag","embeddable":true,"href":"https:\/\/turunmusiikkijuhlat.fi\/sv\/wp-json\/wp\/v2\/tags?post=13298"}],"curies":[{"name":"wp","href":"https:\/\/api.w.org\/{rel}","templated":true}]}}