{"id":19640,"date":"2025-04-14T14:19:29","date_gmt":"2025-04-14T11:19:29","guid":{"rendered":"https:\/\/turunmusiikkijuhlat.fi\/?p=19640"},"modified":"2025-04-17T09:42:20","modified_gmt":"2025-04-17T06:42:20","slug":"turku-music-festival-is-looking-for-new-compositions-for-the-uuden-musiikin-kotimainen-katsaus-concert","status":"publish","type":"post","link":"https:\/\/turunmusiikkijuhlat.fi\/en\/turku-music-festival-is-looking-for-new-compositions-for-the-uuden-musiikin-kotimainen-katsaus-concert","title":{"rendered":"Turku Music Festival is looking for new compositions for the \u201cUuden musiikin kotimaan katsaus\u201d concert"},"content":{"rendered":"[vc_row type=&#8221;in_container&#8221; full_screen_row_position=&#8221;middle&#8221; column_margin=&#8221;default&#8221; column_direction=&#8221;default&#8221; column_direction_tablet=&#8221;default&#8221; column_direction_phone=&#8221;default&#8221; scene_position=&#8221;center&#8221; text_color=&#8221;dark&#8221; text_align=&#8221;left&#8221; row_border_radius=&#8221;none&#8221; row_border_radius_applies=&#8221;bg&#8221; overflow=&#8221;visible&#8221; overlay_strength=&#8221;0.3&#8243; gradient_direction=&#8221;left_to_right&#8221; shape_divider_position=&#8221;bottom&#8221; bg_image_animation=&#8221;none&#8221;][vc_column column_padding=&#8221;no-extra-padding&#8221; column_padding_tablet=&#8221;inherit&#8221; column_padding_phone=&#8221;inherit&#8221; column_padding_position=&#8221;all&#8221; column_element_direction_desktop=&#8221;default&#8221; column_element_spacing=&#8221;default&#8221; desktop_text_alignment=&#8221;default&#8221; tablet_text_alignment=&#8221;default&#8221; phone_text_alignment=&#8221;default&#8221; background_color_opacity=&#8221;1&#8243; background_hover_color_opacity=&#8221;1&#8243; column_backdrop_filter=&#8221;none&#8221; column_shadow=&#8221;none&#8221; column_border_radius=&#8221;none&#8221; column_link_target=&#8221;_self&#8221; column_position=&#8221;default&#8221; gradient_direction=&#8221;left_to_right&#8221; overlay_strength=&#8221;0.3&#8243; width=&#8221;1\/1&#8243; tablet_width_inherit=&#8221;default&#8221; animation_type=&#8221;default&#8221; bg_image_animation=&#8221;none&#8221; border_type=&#8221;simple&#8221; column_border_width=&#8221;none&#8221; column_border_style=&#8221;solid&#8221;][vc_custom_heading text=&#8221;TURKU MUSIC FESTIVAL IS LOOKING FOR NEW COMPOSITIONS FOR THE &#8220;UUDEN MUSIIKIN KOTIMAAN KATSAUS&#8220; CONCERT&#8221; font_container=&#8221;tag:h2|text_align:left|color:%23bc9634&#8243; use_theme_fonts=&#8221;yes&#8221; css=&#8221;&#8221;][vc_custom_heading text=&#8221;10.04.2025&#8243; font_container=&#8221;tag:h4|text_align:left|color:%231e4855&#8243; use_theme_fonts=&#8221;yes&#8221; css=&#8221;&#8221;][divider line_type=&#8221;No Line&#8221; custom_height=&#8221;30&#8243;][image_with_animation image_url=&#8221;19642&#8243; image_size=&#8221;full&#8221; animation_type=&#8221;entrance&#8221; animation=&#8221;None&#8221; animation_movement_type=&#8221;transform_y&#8221; hover_animation=&#8221;none&#8221; alignment=&#8221;&#8221; border_radius=&#8221;none&#8221; box_shadow=&#8221;none&#8221; image_loading=&#8221;default&#8221; max_width=&#8221;100%&#8221; max_width_mobile=&#8221;default&#8221;][vc_column_text css=&#8221;&#8221; text_direction=&#8221;default&#8221;]Photo: Maarit Kyt\u00f6harju[\/vc_column_text][vc_column_text css=&#8221;&#8221; text_direction=&#8221;default&#8221;]<strong>The Turku Music Festival is launching a call for new Finnish compositions for the \u201cUuden musiikin kotimaan katsaus\u201d (New Music in Finland Review concert). The concert on 21 November 2025 will present a broad spectrum of contemporary Finnish music and interesting authors. The search is being carried out in cooperation with the Society of Finnish Composers, which is celebrating its 80th anniversary.<\/strong>[\/vc_column_text][vc_column_text css=&#8221;&#8221; text_direction=&#8221;default&#8221;]<span style=\"font-weight: 400;\">The concert &#8220;Uuden musiikin kotimaan katsaus&#8221; will take place at the Sibelius Museum in Turku on 21 November 2025. The concert will present a wide range of new Finnish compositions and discuss the music that has been performed. The aim of the open call is to put together a comprehensive, interesting and thought-provoking concert programme that will give a glimpse into the world of contemporary Finnish music in the centenary year of the Society of Finnish Composers.<\/span><\/p>\n<p><span style=\"font-weight: 400;\">The concert will feature the latest new music: priority will be given to works that have not yet been premiered or are being performed for the second time. In addition to the music, the concert evening will include a discussion of the music heard between Turku Music Festival Artistic Director Lauri Porra, composer Osmo Tapio R\u00e4ih\u00e4l\u00e4 and the composers who will be heard at the concert.<\/span><\/p>\n<p><span style=\"font-weight: 400;\">The call is open to all Finnish composers and composers settled in Finland, regardless of age or place of residence. The competition is looking for short, 3-10 minute acoustic chamber music works for 1-4 players. Composers will be able to use piano, cello, violin and\/or clarinet, i.e. the works can be solos, duos, trios or quartets for this instrumentation. Each composer may submit a maximum of two works. The deadline for submitting a work is 18 May 2025. Applicants will be informed of the selected works by 15 August. Further information on the call for applications and a link to the application form can be found on the website of the Finnish Composers&#8217; Association.<\/span>[\/vc_column_text][divider line_type=&#8221;No Line&#8221; custom_height=&#8221;30&#8243;][vc_custom_heading text=&#8221;Further information and interview requests&#8221; font_container=&#8221;tag:h4|text_align:left&#8221; css=&#8221;&#8221;][vc_column_text css=&#8221;&#8221; text_direction=&#8221;default&#8221;]<strong>Anna Rantala<\/strong>, Producer, Turku Music Festival<br \/>\nanna.rantala@tmj.fi \/ +358 40 9351020<\/p>\n<p><strong>Petra Piiroinen,\u00a0<\/strong>Project Planner, <span style=\"font-weight: 400;\">Society of Finnish Composers<\/span><br \/>\npetra.piiroinen@composers.fi \/ <span style=\"font-weight: 400;\">+358 41 5487098<\/span>[\/vc_column_text][vc_column_text css=&#8221;&#8221; text_direction=&#8221;default&#8221;]<em><strong>The Turku Music Festival<\/strong><span style=\"font-weight: 400;\"> is the oldest continuously running music festival in Finland. The festival was founded in 1960 by the Turku Musical Society. The diverse city festival offers its audience high quality music, including large orchestral concerts, chamber music, recitals, jazz, open-air events and concerts for children. The Turku Music Festival organises concerts throughout the year. Lauri Porra will begin his term as Artistic Director of the Turku Music Festival in 2025.<\/span><\/em><\/p>\n<p><em><strong>The Society of Finnish Composers<\/strong> <span style=\"font-weight: 400;\">is an association of composers founded in 1945. The association provides a framework for a community of professional composers of art music from all over the country and organises professional training, advice and member services. The association promotes Finnish creative composers and oversees and supports their artistic, professional and financial interests and social prestige. The aim of the association is to ensure that Finnish composers have good conditions for practising their profession and that the position of living composers in art music is strengthened.<\/span><\/em>[\/vc_column_text][\/vc_column][\/vc_row]\n","protected":false},"excerpt":{"rendered":"<p>[vc_row type=&#8221;in_container&#8221; full_screen_row_position=&#8221;middle&#8221; column_margin=&#8221;default&#8221; column_direction=&#8221;default&#8221; column_direction_tablet=&#8221;default&#8221; column_direction_phone=&#8221;default&#8221; scene_position=&#8221;center&#8221; text_color=&#8221;dark&#8221; text_align=&#8221;left&#8221; row_border_radius=&#8221;none&#8221; row_border_radius_applies=&#8221;bg&#8221; overflow=&#8221;visible&#8221; overlay_strength=&#8221;0.3&#8243; gradient_direction=&#8221;left_to_right&#8221; shape_divider_position=&#8221;bottom&#8221; bg_image_animation=&#8221;none&#8221;][vc_column column_padding=&#8221;no-extra-padding&#8221; column_padding_tablet=&#8221;inherit&#8221; column_padding_phone=&#8221;inherit&#8221; column_padding_position=&#8221;all&#8221; column_element_direction_desktop=&#8221;default&#8221; column_element_spacing=&#8221;default&#8221; desktop_text_alignment=&#8221;default&#8221; tablet_text_alignment=&#8221;default&#8221; phone_text_alignment=&#8221;default&#8221; background_color_opacity=&#8221;1&#8243; background_hover_color_opacity=&#8221;1&#8243; column_backdrop_filter=&#8221;none&#8221; column_shadow=&#8221;none&#8221; column_border_radius=&#8221;none&#8221; column_link_target=&#8221;_self&#8221; column_position=&#8221;default&#8221; gradient_direction=&#8221;left_to_right&#8221; overlay_strength=&#8221;0.3&#8243; width=&#8221;1\/1&#8243; tablet_width_inherit=&#8221;default&#8221; animation_type=&#8221;default&#8221; bg_image_animation=&#8221;none&#8221; border_type=&#8221;simple&#8221; column_border_width=&#8221;none&#8221; column_border_style=&#8221;solid&#8221;][vc_custom_heading text=&#8221;TURKU MUSIC FESTIVAL IS LOOKING FOR NEW COMPOSITIONS&#8230;<\/p>\n","protected":false},"author":3,"featured_media":19643,"comment_status":"closed","ping_status":"open","sticky":false,"template":"","format":"standard","meta":{"_improvement_type_select":"improve_an_existing","_thumb_yes_seoaic":false,"_frame_yes_seoaic":false,"seoaic_generate_description":"","seoaic_improve_instructions_prompt":"","seoaic_rollback_content_improvement":"","seoaic_idea_thumbnail_generator":"","thumbnail_generated":false,"thumbnail_generate_prompt":"","seoaic_article_description":"","seoaic_article_subtitles":[],"footnotes":""},"categories":[32],"tags":[],"class_list":{"0":"post-19640","1":"post","2":"type-post","3":"status-publish","4":"format-standard","5":"has-post-thumbnail","7":"category-blog"},"yoast_head":"<!-- This site is optimized with the Yoast SEO plugin v27.4 - https:\/\/yoast.com\/product\/yoast-seo-wordpress\/ -->\n<title>Turku Music Festival is looking for new compositions for the \u201cUuden musiikin kotimaan katsaus\u201d concert | Turun musiikkijuhlat<\/title>\n<meta name=\"robots\" content=\"index, follow, max-snippet:-1, max-image-preview:large, max-video-preview:-1\" \/>\n<link rel=\"canonical\" href=\"https:\/\/turunmusiikkijuhlat.fi\/en\/turku-music-festival-is-looking-for-new-compositions-for-the-uuden-musiikin-kotimainen-katsaus-concert\" \/>\n<meta property=\"og:locale\" content=\"en_US\" \/>\n<meta property=\"og:type\" content=\"article\" \/>\n<meta property=\"og:title\" content=\"Turku Music Festival is looking for new compositions for the \u201cUuden musiikin kotimaan katsaus\u201d concert | Turun musiikkijuhlat\" \/>\n<meta property=\"og:description\" content=\"[vc_row type=&#8221;in_container&#8221; full_screen_row_position=&#8221;middle&#8221; column_margin=&#8221;default&#8221; column_direction=&#8221;default&#8221; column_direction_tablet=&#8221;default&#8221; column_direction_phone=&#8221;default&#8221; scene_position=&#8221;center&#8221; text_color=&#8221;dark&#8221; text_align=&#8221;left&#8221; row_border_radius=&#8221;none&#8221; row_border_radius_applies=&#8221;bg&#8221; overflow=&#8221;visible&#8221; overlay_strength=&#8221;0.3&#8243; gradient_direction=&#8221;left_to_right&#8221; shape_divider_position=&#8221;bottom&#8221; bg_image_animation=&#8221;none&#8221;][vc_column column_padding=&#8221;no-extra-padding&#8221; column_padding_tablet=&#8221;inherit&#8221; column_padding_phone=&#8221;inherit&#8221; column_padding_position=&#8221;all&#8221; column_element_direction_desktop=&#8221;default&#8221; column_element_spacing=&#8221;default&#8221; desktop_text_alignment=&#8221;default&#8221; tablet_text_alignment=&#8221;default&#8221; phone_text_alignment=&#8221;default&#8221; background_color_opacity=&#8221;1&#8243; background_hover_color_opacity=&#8221;1&#8243; column_backdrop_filter=&#8221;none&#8221; column_shadow=&#8221;none&#8221; column_border_radius=&#8221;none&#8221; column_link_target=&#8221;_self&#8221; column_position=&#8221;default&#8221; gradient_direction=&#8221;left_to_right&#8221; overlay_strength=&#8221;0.3&#8243; width=&#8221;1\/1&#8243; tablet_width_inherit=&#8221;default&#8221; animation_type=&#8221;default&#8221; bg_image_animation=&#8221;none&#8221; border_type=&#8221;simple&#8221; column_border_width=&#8221;none&#8221; column_border_style=&#8221;solid&#8221;][vc_custom_heading text=&#8221;TURKU MUSIC FESTIVAL IS LOOKING FOR NEW COMPOSITIONS...\" \/>\n<meta property=\"og:url\" content=\"https:\/\/turunmusiikkijuhlat.fi\/en\/turku-music-festival-is-looking-for-new-compositions-for-the-uuden-musiikin-kotimainen-katsaus-concert\" \/>\n<meta property=\"og:site_name\" content=\"Turun musiikkijuhlat\" \/>\n<meta property=\"article:publisher\" content=\"https:\/\/www.facebook.com\/Turunmusiikkijuhlat\/\" \/>\n<meta property=\"article:published_time\" content=\"2025-04-14T11:19:29+00:00\" \/>\n<meta property=\"article:modified_time\" content=\"2025-04-17T06:42:20+00:00\" \/>\n<meta property=\"og:image\" content=\"https:\/\/turunmusiikkijuhlat.fi\/wp-content\/uploads\/2025\/04\/c-maarit-kytoharju.jpg\" \/>\n\t<meta property=\"og:image:width\" content=\"1772\" \/>\n\t<meta property=\"og:image:height\" content=\"1181\" \/>\n\t<meta property=\"og:image:type\" content=\"image\/jpeg\" \/>\n<meta name=\"author\" content=\"Mike Valtonen\" \/>\n<meta name=\"twitter:card\" content=\"summary_large_image\" \/>\n<meta name=\"twitter:creator\" content=\"@TurkuMusicFest\" \/>\n<meta name=\"twitter:site\" content=\"@TurkuMusicFest\" \/>\n<meta name=\"twitter:label1\" content=\"Written by\" \/>\n\t<meta name=\"twitter:data1\" content=\"Mike Valtonen\" \/>\n\t<meta name=\"twitter:label2\" content=\"Est. reading time\" \/>\n\t<meta name=\"twitter:data2\" content=\"4 minutes\" \/>\n<script type=\"application\/ld+json\" class=\"yoast-schema-graph\">{\"@context\":\"https:\\\/\\\/schema.org\",\"@graph\":[{\"@type\":\"Article\",\"@id\":\"https:\\\/\\\/turunmusiikkijuhlat.fi\\\/en\\\/turku-music-festival-is-looking-for-new-compositions-for-the-uuden-musiikin-kotimainen-katsaus-concert#article\",\"isPartOf\":{\"@id\":\"https:\\\/\\\/turunmusiikkijuhlat.fi\\\/en\\\/turku-music-festival-is-looking-for-new-compositions-for-the-uuden-musiikin-kotimainen-katsaus-concert\"},\"author\":{\"name\":\"Mike Valtonen\",\"@id\":\"https:\\\/\\\/turunmusiikkijuhlat.fi\\\/en#\\\/schema\\\/person\\\/06b8f595e32618a7b11e4407e7d43552\"},\"headline\":\"Turku Music Festival is looking for new compositions for the \u201cUuden musiikin kotimaan katsaus\u201d concert\",\"datePublished\":\"2025-04-14T11:19:29+00:00\",\"dateModified\":\"2025-04-17T06:42:20+00:00\",\"mainEntityOfPage\":{\"@id\":\"https:\\\/\\\/turunmusiikkijuhlat.fi\\\/en\\\/turku-music-festival-is-looking-for-new-compositions-for-the-uuden-musiikin-kotimainen-katsaus-concert\"},\"wordCount\":841,\"publisher\":{\"@id\":\"https:\\\/\\\/turunmusiikkijuhlat.fi\\\/en#organization\"},\"image\":{\"@id\":\"https:\\\/\\\/turunmusiikkijuhlat.fi\\\/en\\\/turku-music-festival-is-looking-for-new-compositions-for-the-uuden-musiikin-kotimainen-katsaus-concert#primaryimage\"},\"thumbnailUrl\":\"https:\\\/\\\/turunmusiikkijuhlat.fi\\\/wp-content\\\/uploads\\\/2025\\\/04\\\/c-maarit-kytoharju.jpg\",\"articleSection\":[\"Blog\"],\"inLanguage\":\"en-US\"},{\"@type\":\"WebPage\",\"@id\":\"https:\\\/\\\/turunmusiikkijuhlat.fi\\\/en\\\/turku-music-festival-is-looking-for-new-compositions-for-the-uuden-musiikin-kotimainen-katsaus-concert\",\"url\":\"https:\\\/\\\/turunmusiikkijuhlat.fi\\\/en\\\/turku-music-festival-is-looking-for-new-compositions-for-the-uuden-musiikin-kotimainen-katsaus-concert\",\"name\":\"Turku Music Festival is looking for new compositions for the \u201cUuden musiikin kotimaan katsaus\u201d concert | Turun musiikkijuhlat\",\"isPartOf\":{\"@id\":\"https:\\\/\\\/turunmusiikkijuhlat.fi\\\/en#website\"},\"primaryImageOfPage\":{\"@id\":\"https:\\\/\\\/turunmusiikkijuhlat.fi\\\/en\\\/turku-music-festival-is-looking-for-new-compositions-for-the-uuden-musiikin-kotimainen-katsaus-concert#primaryimage\"},\"image\":{\"@id\":\"https:\\\/\\\/turunmusiikkijuhlat.fi\\\/en\\\/turku-music-festival-is-looking-for-new-compositions-for-the-uuden-musiikin-kotimainen-katsaus-concert#primaryimage\"},\"thumbnailUrl\":\"https:\\\/\\\/turunmusiikkijuhlat.fi\\\/wp-content\\\/uploads\\\/2025\\\/04\\\/c-maarit-kytoharju.jpg\",\"datePublished\":\"2025-04-14T11:19:29+00:00\",\"dateModified\":\"2025-04-17T06:42:20+00:00\",\"breadcrumb\":{\"@id\":\"https:\\\/\\\/turunmusiikkijuhlat.fi\\\/en\\\/turku-music-festival-is-looking-for-new-compositions-for-the-uuden-musiikin-kotimainen-katsaus-concert#breadcrumb\"},\"inLanguage\":\"en-US\",\"potentialAction\":[{\"@type\":\"ReadAction\",\"target\":[\"https:\\\/\\\/turunmusiikkijuhlat.fi\\\/en\\\/turku-music-festival-is-looking-for-new-compositions-for-the-uuden-musiikin-kotimainen-katsaus-concert\"]}]},{\"@type\":\"ImageObject\",\"inLanguage\":\"en-US\",\"@id\":\"https:\\\/\\\/turunmusiikkijuhlat.fi\\\/en\\\/turku-music-festival-is-looking-for-new-compositions-for-the-uuden-musiikin-kotimainen-katsaus-concert#primaryimage\",\"url\":\"https:\\\/\\\/turunmusiikkijuhlat.fi\\\/wp-content\\\/uploads\\\/2025\\\/04\\\/c-maarit-kytoharju.jpg\",\"contentUrl\":\"https:\\\/\\\/turunmusiikkijuhlat.fi\\\/wp-content\\\/uploads\\\/2025\\\/04\\\/c-maarit-kytoharju.jpg\",\"width\":1772,\"height\":1181},{\"@type\":\"BreadcrumbList\",\"@id\":\"https:\\\/\\\/turunmusiikkijuhlat.fi\\\/en\\\/turku-music-festival-is-looking-for-new-compositions-for-the-uuden-musiikin-kotimainen-katsaus-concert#breadcrumb\",\"itemListElement\":[{\"@type\":\"ListItem\",\"position\":1,\"name\":\"Etusivu\",\"item\":\"https:\\\/\\\/turunmusiikkijuhlat.fi\\\/en\"},{\"@type\":\"ListItem\",\"position\":2,\"name\":\"Turku Music Festival is looking for new compositions for the \u201cUuden musiikin kotimaan katsaus\u201d concert\"}]},{\"@type\":\"WebSite\",\"@id\":\"https:\\\/\\\/turunmusiikkijuhlat.fi\\\/en#website\",\"url\":\"https:\\\/\\\/turunmusiikkijuhlat.fi\\\/en\",\"name\":\"Turun musiikkijuhlat\",\"description\":\"Suomen vanhin yht\u00e4jaksoisesti toiminut musiikkifestivaali.\",\"publisher\":{\"@id\":\"https:\\\/\\\/turunmusiikkijuhlat.fi\\\/en#organization\"},\"potentialAction\":[{\"@type\":\"SearchAction\",\"target\":{\"@type\":\"EntryPoint\",\"urlTemplate\":\"https:\\\/\\\/turunmusiikkijuhlat.fi\\\/en?s={search_term_string}\"},\"query-input\":{\"@type\":\"PropertyValueSpecification\",\"valueRequired\":true,\"valueName\":\"search_term_string\"}}],\"inLanguage\":\"en-US\"},{\"@type\":\"Organization\",\"@id\":\"https:\\\/\\\/turunmusiikkijuhlat.fi\\\/en#organization\",\"name\":\"Turun Musiikkijuhlat\",\"url\":\"https:\\\/\\\/turunmusiikkijuhlat.fi\\\/en\",\"logo\":{\"@type\":\"ImageObject\",\"inLanguage\":\"en-US\",\"@id\":\"https:\\\/\\\/turunmusiikkijuhlat.fi\\\/en#\\\/schema\\\/logo\\\/image\\\/\",\"url\":\"https:\\\/\\\/turunmusiikkijuhlat.fi\\\/wp-content\\\/uploads\\\/2022\\\/04\\\/TMJ_logo_RGB_500px.png\",\"contentUrl\":\"https:\\\/\\\/turunmusiikkijuhlat.fi\\\/wp-content\\\/uploads\\\/2022\\\/04\\\/TMJ_logo_RGB_500px.png\",\"width\":500,\"height\":151,\"caption\":\"Turun Musiikkijuhlat\"},\"image\":{\"@id\":\"https:\\\/\\\/turunmusiikkijuhlat.fi\\\/en#\\\/schema\\\/logo\\\/image\\\/\"},\"sameAs\":[\"https:\\\/\\\/www.facebook.com\\\/Turunmusiikkijuhlat\\\/\",\"https:\\\/\\\/x.com\\\/TurkuMusicFest\",\"https:\\\/\\\/www.instagram.com\\\/turkumusicfestival\\\/\",\"https:\\\/\\\/www.youtube.com\\\/user\\\/Turkumusic\"]},{\"@type\":\"Person\",\"@id\":\"https:\\\/\\\/turunmusiikkijuhlat.fi\\\/en#\\\/schema\\\/person\\\/06b8f595e32618a7b11e4407e7d43552\",\"name\":\"Mike Valtonen\"}]}<\/script>\n<!-- \/ Yoast SEO plugin. -->","yoast_head_json":{"title":"Turku Music Festival is looking for new compositions for the \u201cUuden musiikin kotimaan katsaus\u201d concert | Turun musiikkijuhlat","robots":{"index":"index","follow":"follow","max-snippet":"max-snippet:-1","max-image-preview":"max-image-preview:large","max-video-preview":"max-video-preview:-1"},"canonical":"https:\/\/turunmusiikkijuhlat.fi\/en\/turku-music-festival-is-looking-for-new-compositions-for-the-uuden-musiikin-kotimainen-katsaus-concert","og_locale":"en_US","og_type":"article","og_title":"Turku Music Festival is looking for new compositions for the \u201cUuden musiikin kotimaan katsaus\u201d concert | Turun musiikkijuhlat","og_description":"[vc_row type=&#8221;in_container&#8221; full_screen_row_position=&#8221;middle&#8221; column_margin=&#8221;default&#8221; column_direction=&#8221;default&#8221; column_direction_tablet=&#8221;default&#8221; column_direction_phone=&#8221;default&#8221; scene_position=&#8221;center&#8221; text_color=&#8221;dark&#8221; text_align=&#8221;left&#8221; row_border_radius=&#8221;none&#8221; row_border_radius_applies=&#8221;bg&#8221; overflow=&#8221;visible&#8221; overlay_strength=&#8221;0.3&#8243; gradient_direction=&#8221;left_to_right&#8221; shape_divider_position=&#8221;bottom&#8221; bg_image_animation=&#8221;none&#8221;][vc_column column_padding=&#8221;no-extra-padding&#8221; column_padding_tablet=&#8221;inherit&#8221; column_padding_phone=&#8221;inherit&#8221; column_padding_position=&#8221;all&#8221; column_element_direction_desktop=&#8221;default&#8221; column_element_spacing=&#8221;default&#8221; desktop_text_alignment=&#8221;default&#8221; tablet_text_alignment=&#8221;default&#8221; phone_text_alignment=&#8221;default&#8221; background_color_opacity=&#8221;1&#8243; background_hover_color_opacity=&#8221;1&#8243; column_backdrop_filter=&#8221;none&#8221; column_shadow=&#8221;none&#8221; column_border_radius=&#8221;none&#8221; column_link_target=&#8221;_self&#8221; column_position=&#8221;default&#8221; gradient_direction=&#8221;left_to_right&#8221; overlay_strength=&#8221;0.3&#8243; width=&#8221;1\/1&#8243; tablet_width_inherit=&#8221;default&#8221; animation_type=&#8221;default&#8221; bg_image_animation=&#8221;none&#8221; border_type=&#8221;simple&#8221; column_border_width=&#8221;none&#8221; column_border_style=&#8221;solid&#8221;][vc_custom_heading text=&#8221;TURKU MUSIC FESTIVAL IS LOOKING FOR NEW COMPOSITIONS...","og_url":"https:\/\/turunmusiikkijuhlat.fi\/en\/turku-music-festival-is-looking-for-new-compositions-for-the-uuden-musiikin-kotimainen-katsaus-concert","og_site_name":"Turun musiikkijuhlat","article_publisher":"https:\/\/www.facebook.com\/Turunmusiikkijuhlat\/","article_published_time":"2025-04-14T11:19:29+00:00","article_modified_time":"2025-04-17T06:42:20+00:00","og_image":[{"width":1772,"height":1181,"url":"https:\/\/turunmusiikkijuhlat.fi\/wp-content\/uploads\/2025\/04\/c-maarit-kytoharju.jpg","type":"image\/jpeg"}],"author":"Mike Valtonen","twitter_card":"summary_large_image","twitter_creator":"@TurkuMusicFest","twitter_site":"@TurkuMusicFest","twitter_misc":{"Written by":"Mike Valtonen","Est. reading time":"4 minutes"},"schema":{"@context":"https:\/\/schema.org","@graph":[{"@type":"Article","@id":"https:\/\/turunmusiikkijuhlat.fi\/en\/turku-music-festival-is-looking-for-new-compositions-for-the-uuden-musiikin-kotimainen-katsaus-concert#article","isPartOf":{"@id":"https:\/\/turunmusiikkijuhlat.fi\/en\/turku-music-festival-is-looking-for-new-compositions-for-the-uuden-musiikin-kotimainen-katsaus-concert"},"author":{"name":"Mike Valtonen","@id":"https:\/\/turunmusiikkijuhlat.fi\/en#\/schema\/person\/06b8f595e32618a7b11e4407e7d43552"},"headline":"Turku Music Festival is looking for new compositions for the \u201cUuden musiikin kotimaan katsaus\u201d concert","datePublished":"2025-04-14T11:19:29+00:00","dateModified":"2025-04-17T06:42:20+00:00","mainEntityOfPage":{"@id":"https:\/\/turunmusiikkijuhlat.fi\/en\/turku-music-festival-is-looking-for-new-compositions-for-the-uuden-musiikin-kotimainen-katsaus-concert"},"wordCount":841,"publisher":{"@id":"https:\/\/turunmusiikkijuhlat.fi\/en#organization"},"image":{"@id":"https:\/\/turunmusiikkijuhlat.fi\/en\/turku-music-festival-is-looking-for-new-compositions-for-the-uuden-musiikin-kotimainen-katsaus-concert#primaryimage"},"thumbnailUrl":"https:\/\/turunmusiikkijuhlat.fi\/wp-content\/uploads\/2025\/04\/c-maarit-kytoharju.jpg","articleSection":["Blog"],"inLanguage":"en-US"},{"@type":"WebPage","@id":"https:\/\/turunmusiikkijuhlat.fi\/en\/turku-music-festival-is-looking-for-new-compositions-for-the-uuden-musiikin-kotimainen-katsaus-concert","url":"https:\/\/turunmusiikkijuhlat.fi\/en\/turku-music-festival-is-looking-for-new-compositions-for-the-uuden-musiikin-kotimainen-katsaus-concert","name":"Turku Music Festival is looking for new compositions for the \u201cUuden musiikin kotimaan katsaus\u201d concert | Turun musiikkijuhlat","isPartOf":{"@id":"https:\/\/turunmusiikkijuhlat.fi\/en#website"},"primaryImageOfPage":{"@id":"https:\/\/turunmusiikkijuhlat.fi\/en\/turku-music-festival-is-looking-for-new-compositions-for-the-uuden-musiikin-kotimainen-katsaus-concert#primaryimage"},"image":{"@id":"https:\/\/turunmusiikkijuhlat.fi\/en\/turku-music-festival-is-looking-for-new-compositions-for-the-uuden-musiikin-kotimainen-katsaus-concert#primaryimage"},"thumbnailUrl":"https:\/\/turunmusiikkijuhlat.fi\/wp-content\/uploads\/2025\/04\/c-maarit-kytoharju.jpg","datePublished":"2025-04-14T11:19:29+00:00","dateModified":"2025-04-17T06:42:20+00:00","breadcrumb":{"@id":"https:\/\/turunmusiikkijuhlat.fi\/en\/turku-music-festival-is-looking-for-new-compositions-for-the-uuden-musiikin-kotimainen-katsaus-concert#breadcrumb"},"inLanguage":"en-US","potentialAction":[{"@type":"ReadAction","target":["https:\/\/turunmusiikkijuhlat.fi\/en\/turku-music-festival-is-looking-for-new-compositions-for-the-uuden-musiikin-kotimainen-katsaus-concert"]}]},{"@type":"ImageObject","inLanguage":"en-US","@id":"https:\/\/turunmusiikkijuhlat.fi\/en\/turku-music-festival-is-looking-for-new-compositions-for-the-uuden-musiikin-kotimainen-katsaus-concert#primaryimage","url":"https:\/\/turunmusiikkijuhlat.fi\/wp-content\/uploads\/2025\/04\/c-maarit-kytoharju.jpg","contentUrl":"https:\/\/turunmusiikkijuhlat.fi\/wp-content\/uploads\/2025\/04\/c-maarit-kytoharju.jpg","width":1772,"height":1181},{"@type":"BreadcrumbList","@id":"https:\/\/turunmusiikkijuhlat.fi\/en\/turku-music-festival-is-looking-for-new-compositions-for-the-uuden-musiikin-kotimainen-katsaus-concert#breadcrumb","itemListElement":[{"@type":"ListItem","position":1,"name":"Etusivu","item":"https:\/\/turunmusiikkijuhlat.fi\/en"},{"@type":"ListItem","position":2,"name":"Turku Music Festival is looking for new compositions for the \u201cUuden musiikin kotimaan katsaus\u201d concert"}]},{"@type":"WebSite","@id":"https:\/\/turunmusiikkijuhlat.fi\/en#website","url":"https:\/\/turunmusiikkijuhlat.fi\/en","name":"Turun musiikkijuhlat","description":"Suomen vanhin yht\u00e4jaksoisesti toiminut musiikkifestivaali.","publisher":{"@id":"https:\/\/turunmusiikkijuhlat.fi\/en#organization"},"potentialAction":[{"@type":"SearchAction","target":{"@type":"EntryPoint","urlTemplate":"https:\/\/turunmusiikkijuhlat.fi\/en?s={search_term_string}"},"query-input":{"@type":"PropertyValueSpecification","valueRequired":true,"valueName":"search_term_string"}}],"inLanguage":"en-US"},{"@type":"Organization","@id":"https:\/\/turunmusiikkijuhlat.fi\/en#organization","name":"Turun Musiikkijuhlat","url":"https:\/\/turunmusiikkijuhlat.fi\/en","logo":{"@type":"ImageObject","inLanguage":"en-US","@id":"https:\/\/turunmusiikkijuhlat.fi\/en#\/schema\/logo\/image\/","url":"https:\/\/turunmusiikkijuhlat.fi\/wp-content\/uploads\/2022\/04\/TMJ_logo_RGB_500px.png","contentUrl":"https:\/\/turunmusiikkijuhlat.fi\/wp-content\/uploads\/2022\/04\/TMJ_logo_RGB_500px.png","width":500,"height":151,"caption":"Turun Musiikkijuhlat"},"image":{"@id":"https:\/\/turunmusiikkijuhlat.fi\/en#\/schema\/logo\/image\/"},"sameAs":["https:\/\/www.facebook.com\/Turunmusiikkijuhlat\/","https:\/\/x.com\/TurkuMusicFest","https:\/\/www.instagram.com\/turkumusicfestival\/","https:\/\/www.youtube.com\/user\/Turkumusic"]},{"@type":"Person","@id":"https:\/\/turunmusiikkijuhlat.fi\/en#\/schema\/person\/06b8f595e32618a7b11e4407e7d43552","name":"Mike Valtonen"}]}},"_links":{"self":[{"href":"https:\/\/turunmusiikkijuhlat.fi\/en\/wp-json\/wp\/v2\/posts\/19640","targetHints":{"allow":["GET"]}}],"collection":[{"href":"https:\/\/turunmusiikkijuhlat.fi\/en\/wp-json\/wp\/v2\/posts"}],"about":[{"href":"https:\/\/turunmusiikkijuhlat.fi\/en\/wp-json\/wp\/v2\/types\/post"}],"author":[{"embeddable":true,"href":"https:\/\/turunmusiikkijuhlat.fi\/en\/wp-json\/wp\/v2\/users\/3"}],"replies":[{"embeddable":true,"href":"https:\/\/turunmusiikkijuhlat.fi\/en\/wp-json\/wp\/v2\/comments?post=19640"}],"version-history":[{"count":7,"href":"https:\/\/turunmusiikkijuhlat.fi\/en\/wp-json\/wp\/v2\/posts\/19640\/revisions"}],"predecessor-version":[{"id":19673,"href":"https:\/\/turunmusiikkijuhlat.fi\/en\/wp-json\/wp\/v2\/posts\/19640\/revisions\/19673"}],"wp:featuredmedia":[{"embeddable":true,"href":"https:\/\/turunmusiikkijuhlat.fi\/en\/wp-json\/wp\/v2\/media\/19643"}],"wp:attachment":[{"href":"https:\/\/turunmusiikkijuhlat.fi\/en\/wp-json\/wp\/v2\/media?parent=19640"}],"wp:term":[{"taxonomy":"category","embeddable":true,"href":"https:\/\/turunmusiikkijuhlat.fi\/en\/wp-json\/wp\/v2\/categories?post=19640"},{"taxonomy":"post_tag","embeddable":true,"href":"https:\/\/turunmusiikkijuhlat.fi\/en\/wp-json\/wp\/v2\/tags?post=19640"}],"curies":[{"name":"wp","href":"https:\/\/api.w.org\/{rel}","templated":true}]}}