{"id":15074,"date":"2024-08-27T09:30:58","date_gmt":"2024-08-27T06:30:58","guid":{"rendered":"https:\/\/turunmusiikkijuhlat.fi\/?p=15074"},"modified":"2024-08-27T09:31:16","modified_gmt":"2024-08-27T06:31:16","slug":"autumn-programme-published-for-tuesday-concerts-taken-over-by-turku-music-festival-from-waino-aaltonen-museum","status":"publish","type":"post","link":"https:\/\/turunmusiikkijuhlat.fi\/en\/autumn-programme-published-for-tuesday-concerts-taken-over-by-turku-music-festival-from-waino-aaltonen-museum","title":{"rendered":"Autumn programme published for Tuesday concerts taken over by Turku Music Festival from W\u00e4in\u00f6 Aaltonen Museum"},"content":{"rendered":"[vc_row type=&#8221;in_container&#8221; full_screen_row_position=&#8221;middle&#8221; column_margin=&#8221;default&#8221; column_direction=&#8221;default&#8221; column_direction_tablet=&#8221;default&#8221; column_direction_phone=&#8221;default&#8221; scene_position=&#8221;center&#8221; text_color=&#8221;dark&#8221; text_align=&#8221;left&#8221; row_border_radius=&#8221;none&#8221; row_border_radius_applies=&#8221;bg&#8221; overflow=&#8221;visible&#8221; overlay_strength=&#8221;0.3&#8243; gradient_direction=&#8221;left_to_right&#8221; shape_divider_position=&#8221;bottom&#8221; bg_image_animation=&#8221;none&#8221;][vc_column column_padding=&#8221;no-extra-padding&#8221; column_padding_tablet=&#8221;inherit&#8221; column_padding_phone=&#8221;inherit&#8221; column_padding_position=&#8221;all&#8221; column_element_direction_desktop=&#8221;default&#8221; column_element_spacing=&#8221;default&#8221; desktop_text_alignment=&#8221;default&#8221; tablet_text_alignment=&#8221;default&#8221; phone_text_alignment=&#8221;default&#8221; background_color_opacity=&#8221;1&#8243; background_hover_color_opacity=&#8221;1&#8243; column_backdrop_filter=&#8221;none&#8221; column_shadow=&#8221;none&#8221; column_border_radius=&#8221;none&#8221; column_link_target=&#8221;_self&#8221; column_position=&#8221;default&#8221; gradient_direction=&#8221;left_to_right&#8221; overlay_strength=&#8221;0.3&#8243; width=&#8221;1\/1&#8243; tablet_width_inherit=&#8221;default&#8221; animation_type=&#8221;default&#8221; bg_image_animation=&#8221;none&#8221; border_type=&#8221;simple&#8221; column_border_width=&#8221;none&#8221; column_border_style=&#8221;solid&#8221;][vc_custom_heading text=&#8221;AUTUMN PROGRAMME PUBLISHED FOR TUESDAY CONCERTS TAKEN OVER BY TURKU MUSIC FESTIVAL FROM W\u00c4IN\u00d6 AALTONEN MUSEUM&#8221; font_container=&#8221;tag:h2|text_align:left|color:%23bc9634&#8243; use_theme_fonts=&#8221;yes&#8221; css=&#8221;&#8221;][vc_custom_heading text=&#8221;27.08.2024&#8243; font_container=&#8221;tag:h4|text_align:left|color:%23ee92c2&#8243; use_theme_fonts=&#8221;yes&#8221; css=&#8221;&#8221;][divider line_type=&#8221;No Line&#8221; custom_height=&#8221;30&#8243;][image_with_animation image_url=&#8221;14894&#8243; image_size=&#8221;full&#8221; animation_type=&#8221;entrance&#8221; animation=&#8221;None&#8221; animation_movement_type=&#8221;transform_y&#8221; hover_animation=&#8221;none&#8221; alignment=&#8221;&#8221; border_radius=&#8221;none&#8221; box_shadow=&#8221;none&#8221; image_loading=&#8221;default&#8221; max_width=&#8221;100%&#8221; max_width_mobile=&#8221;default&#8221;][vc_column_text css=&#8221;&#8221; text_direction=&#8221;default&#8221;]<strong>This autumn, the series of free Tuesday concerts previously hosted by the W\u00e4in\u00f6 Aaltonen Museum will relocate to Art House Turku, rebranded as the Aurora series. This is another addition to the year-round programme of the Turku Music Festival.<\/strong>[\/vc_column_text][vc_column_text css=&#8221;&#8221; text_direction=&#8221;default&#8221;]Last spring, we announced that the well-established Tuesday concert series at the W\u00e4in\u00f6 Aaltonen Museum (WAM) would be taken over by the Turku Music Festival and relocated to Art House Turku.<\/p>\n<p>\u201c<em>It was obvious to us that we had to do something, because we could not let a tradition going back 30 years end just like that,<\/em>\u201d says <strong>Liisa Ketom\u00e4ki, <\/strong>Managing Director of the Turku Music Festival.<\/p>\n<p>In the coming season, concerts in this series will be given on the second Tuesday of each month. \u201c<em>We are starting with one concert per month to see whether audiences will find this new venue. We hope to be able to increase the frequency in the future,<\/em>\u201d says Ketom\u00e4ki.<\/p>\n<p>&nbsp;<\/p>\n<p>The concerts to be given this autumn were curated by composer <strong>Lauri M\u00e4ntysaari, <\/strong>who explains his thinking thus:<\/p>\n<p>\u201c<em>Some weeks ago, I was marvelling at the Northern lights that filled the sky \u2013 <\/em>aurora borealis, <em>as they are called in Latin \u2013 and thought about how wonderful it is that such a vibrant and impressive culture of the arts has evolved here in the far North. That culture emerged in Turku even before the Aurora Society was founded in the 1770s and continues to this day, one of its manifestations being the concert series that was hosted at the WAM until last spring.<\/em><\/p>\n<p><em>\u201cIt is a pleasure and an honour to be part of continuing this tradition of concerts that are free of charge and open to everyone, as the concert series relocates to Art House Turku and is recast as a series of monthly concerts called the Aurora series. There will be four concerts in autumn 2024 and five in spring 2025.<\/em><\/p>\n<p><em>\u201cThis autumn and the series as a whole will be opened on Tuesday 10 September by the Turku Ensemble, a self-evident choice in that they were the \u2018house band\u2019 of the WAM concerts. The programme includes classics from three centuries but in versions that are not so familiar: Mozart\u2019s Double Concerto rearranged for the entire ensemble, and a Shostakovich String Quartet performed on wind instruments. Only Kaija Saariaho\u2019s <\/em>Sept papillons, <em>a future classic, is given in its original form, on solo cello.<\/em><\/p>\n<p><em>\u201cOn the second Tuesday in October (8 Oct), cello and piano duo Andreas Helling and Tuuli Lempa take the audience on a trip to Englans. 20th-century composers Britten and Bridge are paired with new music by Camden Reeves. The concert by piano trio Puusaari\u2013Rys\u00e4\u2013Fr\u00e4ki on 5 Nov will also include new music: <\/em>Temptations <em>by Osmo Tapio R\u00e4ih\u00e4l\u00e4. The other names on the programme are French late Romantic composer M\u00e9lanie \u2018Mel\u2019 Bonis and Croatian composer Dora Pejacevic.<\/em><\/p>\n<p><em>\u201cThe autumn concludes with an interesting programme combining old and new by horn quartet 4th Line. Join us at Art House Turku!\u201d<\/em><\/p>\n<p>&nbsp;<\/p>\n<p>Interval catering is provided by Caf\u00e9 Elephanten, already established at Art House Turku. With these concerts, Caf\u00e9 Elephanten will begin to accept the Kimmoke wristband, which was in use at WAM. Concertgoers with a valid Kimmoke card can enjoy a coffee and bun at the City\u2019s expense. The caf\u00e9 is open before each concert and at the interval.<\/p>\n<p><em>\u201cIt\u2019s wonderful that this popular concert series found a new home at Art House Turku. We\u2019re looking forward to the concerts this autumn and hope that we can offer a taste of something delightful to go with the music,\u201d s<\/em>ays <strong>Jasmin Kettunen, <\/strong>Head of Restaurant Operations at Otava-kahvilat, the operator of Caf\u00e9 Elephanten.<br \/>\n[\/vc_column_text][divider line_type=&#8221;No Line&#8221; custom_height=&#8221;30&#8243;][vc_column_text css=&#8221;&#8221; text_direction=&#8221;default&#8221;]Aurora series autumn concerts:<\/p>\n<p>10 Sep \u00a0\u00a0\u00a0\u00a0\u00a0\u00a0\u00a0\u00a0\u00a0 Turku Ensemble \u2013 Einmal anders!<\/p>\n<p>8 Oct \u00a0\u00a0\u00a0\u00a0\u00a0\u00a0\u00a0\u00a0\u00a0\u00a0\u00a0 Tuuli Lempa &amp; Andreas Helling \u2013 A night of English music<\/p>\n<p>5 Nov\u00a0\u00a0\u00a0\u00a0\u00a0\u00a0\u00a0\u00a0\u00a0\u00a0\u00a0 Puusaari-Rys\u00e4-Fr\u00e4ki Trio (NB. First Tuesday of the month)<\/p>\n<p>10 Dec\u00a0\u00a0\u00a0\u00a0\u00a0\u00a0\u00a0\u00a0\u00a0 4th Line horn quartet<\/p>\n<p>The concerts are given in the main auditorium of Art House Turku (2nd floor of the factory building) at 19.00. Admission is always free. Further and updated information on the concerts is and will be available on the Turku Music Festival website at tmj.fi.<\/p>\n<p>See you at the concerts![\/vc_column_text][divider line_type=&#8221;No Line&#8221; custom_height=&#8221;30&#8243;][\/vc_column][\/vc_row]\n","protected":false},"excerpt":{"rendered":"<p>[vc_row type=&#8221;in_container&#8221; full_screen_row_position=&#8221;middle&#8221; column_margin=&#8221;default&#8221; column_direction=&#8221;default&#8221; column_direction_tablet=&#8221;default&#8221; column_direction_phone=&#8221;default&#8221; scene_position=&#8221;center&#8221; text_color=&#8221;dark&#8221; text_align=&#8221;left&#8221; row_border_radius=&#8221;none&#8221; row_border_radius_applies=&#8221;bg&#8221; overflow=&#8221;visible&#8221; overlay_strength=&#8221;0.3&#8243; gradient_direction=&#8221;left_to_right&#8221; shape_divider_position=&#8221;bottom&#8221; bg_image_animation=&#8221;none&#8221;][vc_column column_padding=&#8221;no-extra-padding&#8221; column_padding_tablet=&#8221;inherit&#8221; column_padding_phone=&#8221;inherit&#8221; column_padding_position=&#8221;all&#8221; column_element_direction_desktop=&#8221;default&#8221; column_element_spacing=&#8221;default&#8221; desktop_text_alignment=&#8221;default&#8221; tablet_text_alignment=&#8221;default&#8221; phone_text_alignment=&#8221;default&#8221; background_color_opacity=&#8221;1&#8243; background_hover_color_opacity=&#8221;1&#8243; column_backdrop_filter=&#8221;none&#8221; column_shadow=&#8221;none&#8221; column_border_radius=&#8221;none&#8221; column_link_target=&#8221;_self&#8221; column_position=&#8221;default&#8221; gradient_direction=&#8221;left_to_right&#8221; overlay_strength=&#8221;0.3&#8243; width=&#8221;1\/1&#8243; tablet_width_inherit=&#8221;default&#8221; animation_type=&#8221;default&#8221; bg_image_animation=&#8221;none&#8221; border_type=&#8221;simple&#8221; column_border_width=&#8221;none&#8221; column_border_style=&#8221;solid&#8221;][vc_custom_heading text=&#8221;AUTUMN PROGRAMME PUBLISHED FOR TUESDAY CONCERTS TAKEN OVER&#8230;<\/p>\n","protected":false},"author":3,"featured_media":14895,"comment_status":"closed","ping_status":"open","sticky":false,"template":"","format":"standard","meta":{"_improvement_type_select":"improve_an_existing","_thumb_yes_seoaic":false,"_frame_yes_seoaic":false,"seoaic_generate_description":"","seoaic_improve_instructions_prompt":"","seoaic_rollback_content_improvement":"","seoaic_idea_thumbnail_generator":"","thumbnail_generated":false,"thumbnail_generate_prompt":"","seoaic_article_description":"","seoaic_article_subtitles":[],"footnotes":""},"categories":[32],"tags":[],"class_list":{"0":"post-15074","1":"post","2":"type-post","3":"status-publish","4":"format-standard","5":"has-post-thumbnail","7":"category-blog"},"yoast_head":"<!-- This site is optimized with the Yoast SEO plugin v27.4 - https:\/\/yoast.com\/product\/yoast-seo-wordpress\/ -->\n<title>Autumn programme published for Tuesday concerts taken over by Turku Music Festival from W\u00e4in\u00f6 Aaltonen Museum | Turun musiikkijuhlat<\/title>\n<meta name=\"robots\" content=\"index, follow, max-snippet:-1, max-image-preview:large, max-video-preview:-1\" \/>\n<link rel=\"canonical\" href=\"https:\/\/turunmusiikkijuhlat.fi\/en\/autumn-programme-published-for-tuesday-concerts-taken-over-by-turku-music-festival-from-waino-aaltonen-museum\" \/>\n<meta property=\"og:locale\" content=\"en_US\" \/>\n<meta property=\"og:type\" content=\"article\" \/>\n<meta property=\"og:title\" content=\"Autumn programme published for Tuesday concerts taken over by Turku Music Festival from W\u00e4in\u00f6 Aaltonen Museum | Turun musiikkijuhlat\" \/>\n<meta property=\"og:description\" content=\"[vc_row type=&#8221;in_container&#8221; full_screen_row_position=&#8221;middle&#8221; column_margin=&#8221;default&#8221; column_direction=&#8221;default&#8221; column_direction_tablet=&#8221;default&#8221; column_direction_phone=&#8221;default&#8221; scene_position=&#8221;center&#8221; text_color=&#8221;dark&#8221; text_align=&#8221;left&#8221; row_border_radius=&#8221;none&#8221; row_border_radius_applies=&#8221;bg&#8221; overflow=&#8221;visible&#8221; overlay_strength=&#8221;0.3&#8243; gradient_direction=&#8221;left_to_right&#8221; shape_divider_position=&#8221;bottom&#8221; bg_image_animation=&#8221;none&#8221;][vc_column column_padding=&#8221;no-extra-padding&#8221; column_padding_tablet=&#8221;inherit&#8221; column_padding_phone=&#8221;inherit&#8221; column_padding_position=&#8221;all&#8221; column_element_direction_desktop=&#8221;default&#8221; column_element_spacing=&#8221;default&#8221; desktop_text_alignment=&#8221;default&#8221; tablet_text_alignment=&#8221;default&#8221; phone_text_alignment=&#8221;default&#8221; background_color_opacity=&#8221;1&#8243; background_hover_color_opacity=&#8221;1&#8243; column_backdrop_filter=&#8221;none&#8221; column_shadow=&#8221;none&#8221; column_border_radius=&#8221;none&#8221; column_link_target=&#8221;_self&#8221; column_position=&#8221;default&#8221; gradient_direction=&#8221;left_to_right&#8221; overlay_strength=&#8221;0.3&#8243; width=&#8221;1\/1&#8243; tablet_width_inherit=&#8221;default&#8221; animation_type=&#8221;default&#8221; bg_image_animation=&#8221;none&#8221; border_type=&#8221;simple&#8221; column_border_width=&#8221;none&#8221; column_border_style=&#8221;solid&#8221;][vc_custom_heading text=&#8221;AUTUMN PROGRAMME PUBLISHED FOR TUESDAY CONCERTS TAKEN OVER...\" \/>\n<meta property=\"og:url\" content=\"https:\/\/turunmusiikkijuhlat.fi\/en\/autumn-programme-published-for-tuesday-concerts-taken-over-by-turku-music-festival-from-waino-aaltonen-museum\" \/>\n<meta property=\"og:site_name\" content=\"Turun musiikkijuhlat\" \/>\n<meta property=\"article:publisher\" content=\"https:\/\/www.facebook.com\/Turunmusiikkijuhlat\/\" \/>\n<meta property=\"article:published_time\" content=\"2024-08-27T06:30:58+00:00\" \/>\n<meta property=\"article:modified_time\" content=\"2024-08-27T06:31:16+00:00\" \/>\n<meta property=\"og:image\" content=\"https:\/\/turunmusiikkijuhlat.fi\/wp-content\/uploads\/2024\/08\/2023-3-Jussi_Merikanto-Merja-Yeung-5184-1024x731.jpg\" \/>\n<meta name=\"author\" content=\"Mike Valtonen\" \/>\n<meta name=\"twitter:card\" content=\"summary_large_image\" \/>\n<meta name=\"twitter:creator\" content=\"@TurkuMusicFest\" \/>\n<meta name=\"twitter:site\" content=\"@TurkuMusicFest\" \/>\n<meta name=\"twitter:label1\" content=\"Written by\" \/>\n\t<meta name=\"twitter:data1\" content=\"Mike Valtonen\" \/>\n\t<meta name=\"twitter:label2\" content=\"Est. reading time\" \/>\n\t<meta name=\"twitter:data2\" content=\"6 minutes\" \/>\n<script type=\"application\/ld+json\" class=\"yoast-schema-graph\">{\"@context\":\"https:\\\/\\\/schema.org\",\"@graph\":[{\"@type\":\"Article\",\"@id\":\"https:\\\/\\\/turunmusiikkijuhlat.fi\\\/en\\\/autumn-programme-published-for-tuesday-concerts-taken-over-by-turku-music-festival-from-waino-aaltonen-museum#article\",\"isPartOf\":{\"@id\":\"https:\\\/\\\/turunmusiikkijuhlat.fi\\\/en\\\/autumn-programme-published-for-tuesday-concerts-taken-over-by-turku-music-festival-from-waino-aaltonen-museum\"},\"author\":{\"name\":\"Mike Valtonen\",\"@id\":\"https:\\\/\\\/turunmusiikkijuhlat.fi\\\/en#\\\/schema\\\/person\\\/06b8f595e32618a7b11e4407e7d43552\"},\"headline\":\"Autumn programme published for Tuesday concerts taken over by Turku Music Festival from W\u00e4in\u00f6 Aaltonen Museum\",\"datePublished\":\"2024-08-27T06:30:58+00:00\",\"dateModified\":\"2024-08-27T06:31:16+00:00\",\"mainEntityOfPage\":{\"@id\":\"https:\\\/\\\/turunmusiikkijuhlat.fi\\\/en\\\/autumn-programme-published-for-tuesday-concerts-taken-over-by-turku-music-festival-from-waino-aaltonen-museum\"},\"wordCount\":1019,\"publisher\":{\"@id\":\"https:\\\/\\\/turunmusiikkijuhlat.fi\\\/en#organization\"},\"image\":{\"@id\":\"https:\\\/\\\/turunmusiikkijuhlat.fi\\\/en\\\/autumn-programme-published-for-tuesday-concerts-taken-over-by-turku-music-festival-from-waino-aaltonen-museum#primaryimage\"},\"thumbnailUrl\":\"https:\\\/\\\/turunmusiikkijuhlat.fi\\\/wp-content\\\/uploads\\\/2024\\\/08\\\/Aurora-1920x1080-1.png\",\"articleSection\":[\"Blog\"],\"inLanguage\":\"en-US\"},{\"@type\":\"WebPage\",\"@id\":\"https:\\\/\\\/turunmusiikkijuhlat.fi\\\/en\\\/autumn-programme-published-for-tuesday-concerts-taken-over-by-turku-music-festival-from-waino-aaltonen-museum\",\"url\":\"https:\\\/\\\/turunmusiikkijuhlat.fi\\\/en\\\/autumn-programme-published-for-tuesday-concerts-taken-over-by-turku-music-festival-from-waino-aaltonen-museum\",\"name\":\"Autumn programme published for Tuesday concerts taken over by Turku Music Festival from W\u00e4in\u00f6 Aaltonen Museum | Turun musiikkijuhlat\",\"isPartOf\":{\"@id\":\"https:\\\/\\\/turunmusiikkijuhlat.fi\\\/en#website\"},\"primaryImageOfPage\":{\"@id\":\"https:\\\/\\\/turunmusiikkijuhlat.fi\\\/en\\\/autumn-programme-published-for-tuesday-concerts-taken-over-by-turku-music-festival-from-waino-aaltonen-museum#primaryimage\"},\"image\":{\"@id\":\"https:\\\/\\\/turunmusiikkijuhlat.fi\\\/en\\\/autumn-programme-published-for-tuesday-concerts-taken-over-by-turku-music-festival-from-waino-aaltonen-museum#primaryimage\"},\"thumbnailUrl\":\"https:\\\/\\\/turunmusiikkijuhlat.fi\\\/wp-content\\\/uploads\\\/2024\\\/08\\\/Aurora-1920x1080-1.png\",\"datePublished\":\"2024-08-27T06:30:58+00:00\",\"dateModified\":\"2024-08-27T06:31:16+00:00\",\"breadcrumb\":{\"@id\":\"https:\\\/\\\/turunmusiikkijuhlat.fi\\\/en\\\/autumn-programme-published-for-tuesday-concerts-taken-over-by-turku-music-festival-from-waino-aaltonen-museum#breadcrumb\"},\"inLanguage\":\"en-US\",\"potentialAction\":[{\"@type\":\"ReadAction\",\"target\":[\"https:\\\/\\\/turunmusiikkijuhlat.fi\\\/en\\\/autumn-programme-published-for-tuesday-concerts-taken-over-by-turku-music-festival-from-waino-aaltonen-museum\"]}]},{\"@type\":\"ImageObject\",\"inLanguage\":\"en-US\",\"@id\":\"https:\\\/\\\/turunmusiikkijuhlat.fi\\\/en\\\/autumn-programme-published-for-tuesday-concerts-taken-over-by-turku-music-festival-from-waino-aaltonen-museum#primaryimage\",\"url\":\"https:\\\/\\\/turunmusiikkijuhlat.fi\\\/wp-content\\\/uploads\\\/2024\\\/08\\\/Aurora-1920x1080-1.png\",\"contentUrl\":\"https:\\\/\\\/turunmusiikkijuhlat.fi\\\/wp-content\\\/uploads\\\/2024\\\/08\\\/Aurora-1920x1080-1.png\",\"width\":1920,\"height\":1080},{\"@type\":\"BreadcrumbList\",\"@id\":\"https:\\\/\\\/turunmusiikkijuhlat.fi\\\/en\\\/autumn-programme-published-for-tuesday-concerts-taken-over-by-turku-music-festival-from-waino-aaltonen-museum#breadcrumb\",\"itemListElement\":[{\"@type\":\"ListItem\",\"position\":1,\"name\":\"Etusivu\",\"item\":\"https:\\\/\\\/turunmusiikkijuhlat.fi\\\/en\"},{\"@type\":\"ListItem\",\"position\":2,\"name\":\"Autumn programme published for Tuesday concerts taken over by Turku Music Festival from W\u00e4in\u00f6 Aaltonen Museum\"}]},{\"@type\":\"WebSite\",\"@id\":\"https:\\\/\\\/turunmusiikkijuhlat.fi\\\/en#website\",\"url\":\"https:\\\/\\\/turunmusiikkijuhlat.fi\\\/en\",\"name\":\"Turun musiikkijuhlat\",\"description\":\"Suomen vanhin yht\u00e4jaksoisesti toiminut musiikkifestivaali.\",\"publisher\":{\"@id\":\"https:\\\/\\\/turunmusiikkijuhlat.fi\\\/en#organization\"},\"potentialAction\":[{\"@type\":\"SearchAction\",\"target\":{\"@type\":\"EntryPoint\",\"urlTemplate\":\"https:\\\/\\\/turunmusiikkijuhlat.fi\\\/en?s={search_term_string}\"},\"query-input\":{\"@type\":\"PropertyValueSpecification\",\"valueRequired\":true,\"valueName\":\"search_term_string\"}}],\"inLanguage\":\"en-US\"},{\"@type\":\"Organization\",\"@id\":\"https:\\\/\\\/turunmusiikkijuhlat.fi\\\/en#organization\",\"name\":\"Turun Musiikkijuhlat\",\"url\":\"https:\\\/\\\/turunmusiikkijuhlat.fi\\\/en\",\"logo\":{\"@type\":\"ImageObject\",\"inLanguage\":\"en-US\",\"@id\":\"https:\\\/\\\/turunmusiikkijuhlat.fi\\\/en#\\\/schema\\\/logo\\\/image\\\/\",\"url\":\"https:\\\/\\\/turunmusiikkijuhlat.fi\\\/wp-content\\\/uploads\\\/2022\\\/04\\\/TMJ_logo_RGB_500px.png\",\"contentUrl\":\"https:\\\/\\\/turunmusiikkijuhlat.fi\\\/wp-content\\\/uploads\\\/2022\\\/04\\\/TMJ_logo_RGB_500px.png\",\"width\":500,\"height\":151,\"caption\":\"Turun Musiikkijuhlat\"},\"image\":{\"@id\":\"https:\\\/\\\/turunmusiikkijuhlat.fi\\\/en#\\\/schema\\\/logo\\\/image\\\/\"},\"sameAs\":[\"https:\\\/\\\/www.facebook.com\\\/Turunmusiikkijuhlat\\\/\",\"https:\\\/\\\/x.com\\\/TurkuMusicFest\",\"https:\\\/\\\/www.instagram.com\\\/turkumusicfestival\\\/\",\"https:\\\/\\\/www.youtube.com\\\/user\\\/Turkumusic\"]},{\"@type\":\"Person\",\"@id\":\"https:\\\/\\\/turunmusiikkijuhlat.fi\\\/en#\\\/schema\\\/person\\\/06b8f595e32618a7b11e4407e7d43552\",\"name\":\"Mike Valtonen\"}]}<\/script>\n<!-- \/ Yoast SEO plugin. -->","yoast_head_json":{"title":"Autumn programme published for Tuesday concerts taken over by Turku Music Festival from W\u00e4in\u00f6 Aaltonen Museum | Turun musiikkijuhlat","robots":{"index":"index","follow":"follow","max-snippet":"max-snippet:-1","max-image-preview":"max-image-preview:large","max-video-preview":"max-video-preview:-1"},"canonical":"https:\/\/turunmusiikkijuhlat.fi\/en\/autumn-programme-published-for-tuesday-concerts-taken-over-by-turku-music-festival-from-waino-aaltonen-museum","og_locale":"en_US","og_type":"article","og_title":"Autumn programme published for Tuesday concerts taken over by Turku Music Festival from W\u00e4in\u00f6 Aaltonen Museum | Turun musiikkijuhlat","og_description":"[vc_row type=&#8221;in_container&#8221; full_screen_row_position=&#8221;middle&#8221; column_margin=&#8221;default&#8221; column_direction=&#8221;default&#8221; column_direction_tablet=&#8221;default&#8221; column_direction_phone=&#8221;default&#8221; scene_position=&#8221;center&#8221; text_color=&#8221;dark&#8221; text_align=&#8221;left&#8221; row_border_radius=&#8221;none&#8221; row_border_radius_applies=&#8221;bg&#8221; overflow=&#8221;visible&#8221; overlay_strength=&#8221;0.3&#8243; gradient_direction=&#8221;left_to_right&#8221; shape_divider_position=&#8221;bottom&#8221; bg_image_animation=&#8221;none&#8221;][vc_column column_padding=&#8221;no-extra-padding&#8221; column_padding_tablet=&#8221;inherit&#8221; column_padding_phone=&#8221;inherit&#8221; column_padding_position=&#8221;all&#8221; column_element_direction_desktop=&#8221;default&#8221; column_element_spacing=&#8221;default&#8221; desktop_text_alignment=&#8221;default&#8221; tablet_text_alignment=&#8221;default&#8221; phone_text_alignment=&#8221;default&#8221; background_color_opacity=&#8221;1&#8243; background_hover_color_opacity=&#8221;1&#8243; column_backdrop_filter=&#8221;none&#8221; column_shadow=&#8221;none&#8221; column_border_radius=&#8221;none&#8221; column_link_target=&#8221;_self&#8221; column_position=&#8221;default&#8221; gradient_direction=&#8221;left_to_right&#8221; overlay_strength=&#8221;0.3&#8243; width=&#8221;1\/1&#8243; tablet_width_inherit=&#8221;default&#8221; animation_type=&#8221;default&#8221; bg_image_animation=&#8221;none&#8221; border_type=&#8221;simple&#8221; column_border_width=&#8221;none&#8221; column_border_style=&#8221;solid&#8221;][vc_custom_heading text=&#8221;AUTUMN PROGRAMME PUBLISHED FOR TUESDAY CONCERTS TAKEN OVER...","og_url":"https:\/\/turunmusiikkijuhlat.fi\/en\/autumn-programme-published-for-tuesday-concerts-taken-over-by-turku-music-festival-from-waino-aaltonen-museum","og_site_name":"Turun musiikkijuhlat","article_publisher":"https:\/\/www.facebook.com\/Turunmusiikkijuhlat\/","article_published_time":"2024-08-27T06:30:58+00:00","article_modified_time":"2024-08-27T06:31:16+00:00","og_image":[{"url":"https:\/\/turunmusiikkijuhlat.fi\/wp-content\/uploads\/2024\/08\/2023-3-Jussi_Merikanto-Merja-Yeung-5184-1024x731.jpg","type":"","width":"","height":""}],"author":"Mike Valtonen","twitter_card":"summary_large_image","twitter_creator":"@TurkuMusicFest","twitter_site":"@TurkuMusicFest","twitter_misc":{"Written by":"Mike Valtonen","Est. reading time":"6 minutes"},"schema":{"@context":"https:\/\/schema.org","@graph":[{"@type":"Article","@id":"https:\/\/turunmusiikkijuhlat.fi\/en\/autumn-programme-published-for-tuesday-concerts-taken-over-by-turku-music-festival-from-waino-aaltonen-museum#article","isPartOf":{"@id":"https:\/\/turunmusiikkijuhlat.fi\/en\/autumn-programme-published-for-tuesday-concerts-taken-over-by-turku-music-festival-from-waino-aaltonen-museum"},"author":{"name":"Mike Valtonen","@id":"https:\/\/turunmusiikkijuhlat.fi\/en#\/schema\/person\/06b8f595e32618a7b11e4407e7d43552"},"headline":"Autumn programme published for Tuesday concerts taken over by Turku Music Festival from W\u00e4in\u00f6 Aaltonen Museum","datePublished":"2024-08-27T06:30:58+00:00","dateModified":"2024-08-27T06:31:16+00:00","mainEntityOfPage":{"@id":"https:\/\/turunmusiikkijuhlat.fi\/en\/autumn-programme-published-for-tuesday-concerts-taken-over-by-turku-music-festival-from-waino-aaltonen-museum"},"wordCount":1019,"publisher":{"@id":"https:\/\/turunmusiikkijuhlat.fi\/en#organization"},"image":{"@id":"https:\/\/turunmusiikkijuhlat.fi\/en\/autumn-programme-published-for-tuesday-concerts-taken-over-by-turku-music-festival-from-waino-aaltonen-museum#primaryimage"},"thumbnailUrl":"https:\/\/turunmusiikkijuhlat.fi\/wp-content\/uploads\/2024\/08\/Aurora-1920x1080-1.png","articleSection":["Blog"],"inLanguage":"en-US"},{"@type":"WebPage","@id":"https:\/\/turunmusiikkijuhlat.fi\/en\/autumn-programme-published-for-tuesday-concerts-taken-over-by-turku-music-festival-from-waino-aaltonen-museum","url":"https:\/\/turunmusiikkijuhlat.fi\/en\/autumn-programme-published-for-tuesday-concerts-taken-over-by-turku-music-festival-from-waino-aaltonen-museum","name":"Autumn programme published for Tuesday concerts taken over by Turku Music Festival from W\u00e4in\u00f6 Aaltonen Museum | Turun musiikkijuhlat","isPartOf":{"@id":"https:\/\/turunmusiikkijuhlat.fi\/en#website"},"primaryImageOfPage":{"@id":"https:\/\/turunmusiikkijuhlat.fi\/en\/autumn-programme-published-for-tuesday-concerts-taken-over-by-turku-music-festival-from-waino-aaltonen-museum#primaryimage"},"image":{"@id":"https:\/\/turunmusiikkijuhlat.fi\/en\/autumn-programme-published-for-tuesday-concerts-taken-over-by-turku-music-festival-from-waino-aaltonen-museum#primaryimage"},"thumbnailUrl":"https:\/\/turunmusiikkijuhlat.fi\/wp-content\/uploads\/2024\/08\/Aurora-1920x1080-1.png","datePublished":"2024-08-27T06:30:58+00:00","dateModified":"2024-08-27T06:31:16+00:00","breadcrumb":{"@id":"https:\/\/turunmusiikkijuhlat.fi\/en\/autumn-programme-published-for-tuesday-concerts-taken-over-by-turku-music-festival-from-waino-aaltonen-museum#breadcrumb"},"inLanguage":"en-US","potentialAction":[{"@type":"ReadAction","target":["https:\/\/turunmusiikkijuhlat.fi\/en\/autumn-programme-published-for-tuesday-concerts-taken-over-by-turku-music-festival-from-waino-aaltonen-museum"]}]},{"@type":"ImageObject","inLanguage":"en-US","@id":"https:\/\/turunmusiikkijuhlat.fi\/en\/autumn-programme-published-for-tuesday-concerts-taken-over-by-turku-music-festival-from-waino-aaltonen-museum#primaryimage","url":"https:\/\/turunmusiikkijuhlat.fi\/wp-content\/uploads\/2024\/08\/Aurora-1920x1080-1.png","contentUrl":"https:\/\/turunmusiikkijuhlat.fi\/wp-content\/uploads\/2024\/08\/Aurora-1920x1080-1.png","width":1920,"height":1080},{"@type":"BreadcrumbList","@id":"https:\/\/turunmusiikkijuhlat.fi\/en\/autumn-programme-published-for-tuesday-concerts-taken-over-by-turku-music-festival-from-waino-aaltonen-museum#breadcrumb","itemListElement":[{"@type":"ListItem","position":1,"name":"Etusivu","item":"https:\/\/turunmusiikkijuhlat.fi\/en"},{"@type":"ListItem","position":2,"name":"Autumn programme published for Tuesday concerts taken over by Turku Music Festival from W\u00e4in\u00f6 Aaltonen Museum"}]},{"@type":"WebSite","@id":"https:\/\/turunmusiikkijuhlat.fi\/en#website","url":"https:\/\/turunmusiikkijuhlat.fi\/en","name":"Turun musiikkijuhlat","description":"Suomen vanhin yht\u00e4jaksoisesti toiminut musiikkifestivaali.","publisher":{"@id":"https:\/\/turunmusiikkijuhlat.fi\/en#organization"},"potentialAction":[{"@type":"SearchAction","target":{"@type":"EntryPoint","urlTemplate":"https:\/\/turunmusiikkijuhlat.fi\/en?s={search_term_string}"},"query-input":{"@type":"PropertyValueSpecification","valueRequired":true,"valueName":"search_term_string"}}],"inLanguage":"en-US"},{"@type":"Organization","@id":"https:\/\/turunmusiikkijuhlat.fi\/en#organization","name":"Turun Musiikkijuhlat","url":"https:\/\/turunmusiikkijuhlat.fi\/en","logo":{"@type":"ImageObject","inLanguage":"en-US","@id":"https:\/\/turunmusiikkijuhlat.fi\/en#\/schema\/logo\/image\/","url":"https:\/\/turunmusiikkijuhlat.fi\/wp-content\/uploads\/2022\/04\/TMJ_logo_RGB_500px.png","contentUrl":"https:\/\/turunmusiikkijuhlat.fi\/wp-content\/uploads\/2022\/04\/TMJ_logo_RGB_500px.png","width":500,"height":151,"caption":"Turun Musiikkijuhlat"},"image":{"@id":"https:\/\/turunmusiikkijuhlat.fi\/en#\/schema\/logo\/image\/"},"sameAs":["https:\/\/www.facebook.com\/Turunmusiikkijuhlat\/","https:\/\/x.com\/TurkuMusicFest","https:\/\/www.instagram.com\/turkumusicfestival\/","https:\/\/www.youtube.com\/user\/Turkumusic"]},{"@type":"Person","@id":"https:\/\/turunmusiikkijuhlat.fi\/en#\/schema\/person\/06b8f595e32618a7b11e4407e7d43552","name":"Mike Valtonen"}]}},"_links":{"self":[{"href":"https:\/\/turunmusiikkijuhlat.fi\/en\/wp-json\/wp\/v2\/posts\/15074","targetHints":{"allow":["GET"]}}],"collection":[{"href":"https:\/\/turunmusiikkijuhlat.fi\/en\/wp-json\/wp\/v2\/posts"}],"about":[{"href":"https:\/\/turunmusiikkijuhlat.fi\/en\/wp-json\/wp\/v2\/types\/post"}],"author":[{"embeddable":true,"href":"https:\/\/turunmusiikkijuhlat.fi\/en\/wp-json\/wp\/v2\/users\/3"}],"replies":[{"embeddable":true,"href":"https:\/\/turunmusiikkijuhlat.fi\/en\/wp-json\/wp\/v2\/comments?post=15074"}],"version-history":[{"count":0,"href":"https:\/\/turunmusiikkijuhlat.fi\/en\/wp-json\/wp\/v2\/posts\/15074\/revisions"}],"wp:featuredmedia":[{"embeddable":true,"href":"https:\/\/turunmusiikkijuhlat.fi\/en\/wp-json\/wp\/v2\/media\/14895"}],"wp:attachment":[{"href":"https:\/\/turunmusiikkijuhlat.fi\/en\/wp-json\/wp\/v2\/media?parent=15074"}],"wp:term":[{"taxonomy":"category","embeddable":true,"href":"https:\/\/turunmusiikkijuhlat.fi\/en\/wp-json\/wp\/v2\/categories?post=15074"},{"taxonomy":"post_tag","embeddable":true,"href":"https:\/\/turunmusiikkijuhlat.fi\/en\/wp-json\/wp\/v2\/tags?post=15074"}],"curies":[{"name":"wp","href":"https:\/\/api.w.org\/{rel}","templated":true}]}}