{"id":13209,"date":"2024-04-09T10:29:32","date_gmt":"2024-04-09T07:29:32","guid":{"rendered":"https:\/\/turunmusiikkijuhlat.fi\/turun-musiikkijuhlat-yhdistaa-grammy-voittajan-ymparistokasvatuksen-ja-paikalliset-musiikkiluokat"},"modified":"2024-04-09T13:35:14","modified_gmt":"2024-04-09T10:35:14","slug":"turun-musiikkijuhlat-yhdistaa-grammy-voittajan-ymparistokasvatuksen-ja-paikalliset-musiikkiluokat","status":"publish","type":"post","link":"https:\/\/turunmusiikkijuhlat.fi\/en\/turun-musiikkijuhlat-yhdistaa-grammy-voittajan-ymparistokasvatuksen-ja-paikalliset-musiikkiluokat","title":{"rendered":"The Turku Music Festival brings together a Grammy winner, environmental education and local music classes"},"content":{"rendered":"[vc_row type=&#8221;in_container&#8221; full_screen_row_position=&#8221;middle&#8221; column_margin=&#8221;default&#8221; column_direction=&#8221;default&#8221; column_direction_tablet=&#8221;default&#8221; column_direction_phone=&#8221;default&#8221; scene_position=&#8221;center&#8221; text_color=&#8221;dark&#8221; text_align=&#8221;left&#8221; row_border_radius=&#8221;none&#8221; row_border_radius_applies=&#8221;bg&#8221; overflow=&#8221;visible&#8221; overlay_strength=&#8221;0.3&#8243; gradient_direction=&#8221;left_to_right&#8221; shape_divider_position=&#8221;bottom&#8221; bg_image_animation=&#8221;none&#8221;][vc_column column_padding=&#8221;no-extra-padding&#8221; column_padding_tablet=&#8221;inherit&#8221; column_padding_phone=&#8221;inherit&#8221; column_padding_position=&#8221;all&#8221; column_element_direction_desktop=&#8221;default&#8221; column_element_spacing=&#8221;default&#8221; desktop_text_alignment=&#8221;default&#8221; tablet_text_alignment=&#8221;default&#8221; phone_text_alignment=&#8221;default&#8221; background_color_opacity=&#8221;1&#8243; background_hover_color_opacity=&#8221;1&#8243; column_backdrop_filter=&#8221;none&#8221; column_shadow=&#8221;none&#8221; column_border_radius=&#8221;none&#8221; column_link_target=&#8221;_self&#8221; column_position=&#8221;default&#8221; gradient_direction=&#8221;left_to_right&#8221; overlay_strength=&#8221;0.3&#8243; width=&#8221;1\/1&#8243; tablet_width_inherit=&#8221;default&#8221; animation_type=&#8221;default&#8221; bg_image_animation=&#8221;none&#8221; border_type=&#8221;simple&#8221; column_border_width=&#8221;none&#8221; column_border_style=&#8221;solid&#8221;][image_with_animation image_url=&#8221;13201&#8243; image_size=&#8221;full&#8221; animation_type=&#8221;entrance&#8221; animation=&#8221;None&#8221; animation_movement_type=&#8221;transform_y&#8221; hover_animation=&#8221;none&#8221; alignment=&#8221;&#8221; border_radius=&#8221;none&#8221; box_shadow=&#8221;none&#8221; image_loading=&#8221;default&#8221; max_width=&#8221;100%&#8221; max_width_mobile=&#8221;default&#8221;][vc_column_text text_direction=&#8221;default&#8221;]<strong>Multiple Grammy award winning American mezzosoprano JoyceDiDonato, the Il Pomo d\u2019Oro Baroque orchestra from Venice, founded by author Donna Leon, and the choir of the Puolala School Music Classes join forces at the Turku Music Festival in 2024.<\/strong><\/p>\n<p>The main event of the Turku Music Festival takes place from 8 to 29 August this year, culminating in the long-expected visit by multiple Grammy award winning American mezzosoprano Joyce DiDonato. She brings to Finland the concert production known as EDEN.<\/p>\n<p>EDEN is an extensive project and concert tour combining music, drama and environmental education. Initiated by DiDonato, the project is concluding in 2024. DiDonato wishes to engage audiences on various societal issues and to make a contribution to making the world a better place. The concept of EDEN emerged during the pandemic, as DiDonato observed nature\u2019s resilience and capability for renewal as the human world ground to a halt with lockdowns and restrictions. EDEN is DiDonato\u2019s essay on our relationship with nature as individuals.[\/vc_column_text][vc_column_text max_width=&#8221;650&#8243; text_direction=&#8221;default&#8221;]\u201c<em>We have had to postpone Joyce DiDonato\u2019s visit several times because of the pandemic, but we are very happy that it is now finally coming true and will end this summer\u2019s festival on a high note. EDEN is a project very important for Ms DiDonato. Before Turku, it has been performed at Carnegie Hall in New York, at the Concertgebouw in Amsterdam, at the Elbphilharmonie in Hamburg, at the Barbican in London, at the Th\u00e9\u00e2tre des Champs-\u00c9lys\u00e9es in Paris, at the Konzerthaus in Vienna, at La Scala in Milan, at the Teatro Col\u00f3n in Buenos Aires and at the NCPA in Beijng<\/em>,\u201d explains\u00a0<strong>Liisa Ketom\u00e4ki<\/strong>, Managing Director of the Turku Music Festival.[\/vc_column_text][vc_column_text max_width=&#8221;650&#8243; text_direction=&#8221;default&#8221;]\u201c<em>We have been collaborating with the Baroque orchestra Il Pomo d\u2019Oro, founded by author Donna Leon, and with conductor Maxim Emelyanichev for several years, and we will likely engage in even closer collaboration over the coming years, as the new music centre being built in Turku will provide opportunities for instance for opera productions,<\/em>\u201d says Liisa Ketom\u00e4ki.[\/vc_column_text][vc_custom_heading text=&#8221;Local children and young people are involved in the production&#8221; font_container=&#8221;tag:h4|text_align:left&#8221;][vc_column_text text_direction=&#8221;default&#8221;]A particular feature of EDEN is that it brings in local children and adolescents and a child or youth choir in every community where the production is performed. Known as \u2018EDEN engagement\u2019, the purpose of this programme is to involve kids and teens in thinking about local environmental challenges, giving them a concrete understanding and knowledge of nature and the direct impact that they themselves have on the world around us.[\/vc_column_text][vc_column_text max_width=&#8221;650&#8243; text_direction=&#8221;default&#8221;]\u201c<em>In Turku, the world-class musicians of Il Pomo d\u2019Oro and Joyce DiDonato will be working with music class students in workshops and rehearsals that involve not just rehearsing music but also discussing the themes of the concert. The choir of the Music Classes also performs at the concert<\/em>,\u201d says Liisa Ketom\u00e4ki.[\/vc_column_text][vc_column_text max_width=&#8221;650&#8243; text_direction=&#8221;default&#8221;]&#8221;<em>We are pleased and honoured to be invited to participate in this production. Taking responsibility and an active approach to caring for our natural environment is important for children. It is a wonderful opportunity to be able to address these current issues in performing with Joyce DiDonato,<\/em>&#8221; says music class teacher\u00a0<strong>Oona Heiskala<\/strong>.[\/vc_column_text][vc_column_text text_direction=&#8221;default&#8221;]As a tangible example of a measure going beyond the traditional concert experience is the \u2018EDEN Sustainability Challenge\u2019, jointly created by Botanic Gardens Conservation International and DiDonato. The purpose of this is to use simple means for promoting a more sustainable lifestyle. The practical manifestation of this is that every concertgoer is given a packet of seeds to plant, provided by BGCI. Audience members around the world are invited to plant these seeds to diversify and revitalise their environment.[\/vc_column_text][vc_column_text max_width=&#8221;650&#8243; text_direction=&#8221;default&#8221;]\u201c<em>We are really proud of this project and the concert production, which we have been able to bring to Finnish audiences thanks to support from the Jane and Aatos Erkko Foundation. The production combines high-quality classical music with important music education among children and adolescents, along with the desire to make a positive contribution to the future of our Earth. DiDonato sees the tour as a means for influencing, through children and adolescents, the thinking that will lay the foundation for our future,<\/em>\u201d Liisa Ketom\u00e4ki adds.[\/vc_column_text][\/vc_column][\/vc_row]\n","protected":false},"excerpt":{"rendered":"<p>[vc_row type=&#8221;in_container&#8221; full_screen_row_position=&#8221;middle&#8221; column_margin=&#8221;default&#8221; column_direction=&#8221;default&#8221; column_direction_tablet=&#8221;default&#8221; column_direction_phone=&#8221;default&#8221; scene_position=&#8221;center&#8221; text_color=&#8221;dark&#8221; text_align=&#8221;left&#8221; row_border_radius=&#8221;none&#8221; row_border_radius_applies=&#8221;bg&#8221; overflow=&#8221;visible&#8221; overlay_strength=&#8221;0.3&#8243; gradient_direction=&#8221;left_to_right&#8221; shape_divider_position=&#8221;bottom&#8221; bg_image_animation=&#8221;none&#8221;][vc_column column_padding=&#8221;no-extra-padding&#8221; column_padding_tablet=&#8221;inherit&#8221; column_padding_phone=&#8221;inherit&#8221; column_padding_position=&#8221;all&#8221; column_element_direction_desktop=&#8221;default&#8221; column_element_spacing=&#8221;default&#8221; desktop_text_alignment=&#8221;default&#8221; tablet_text_alignment=&#8221;default&#8221; phone_text_alignment=&#8221;default&#8221; background_color_opacity=&#8221;1&#8243; background_hover_color_opacity=&#8221;1&#8243; column_backdrop_filter=&#8221;none&#8221; column_shadow=&#8221;none&#8221; column_border_radius=&#8221;none&#8221; column_link_target=&#8221;_self&#8221; column_position=&#8221;default&#8221; gradient_direction=&#8221;left_to_right&#8221; overlay_strength=&#8221;0.3&#8243; width=&#8221;1\/1&#8243; tablet_width_inherit=&#8221;default&#8221; animation_type=&#8221;default&#8221; bg_image_animation=&#8221;none&#8221; border_type=&#8221;simple&#8221; column_border_width=&#8221;none&#8221; column_border_style=&#8221;solid&#8221;][image_with_animation image_url=&#8221;13201&#8243; image_size=&#8221;full&#8221; animation_type=&#8221;entrance&#8221; animation=&#8221;None&#8221; animation_movement_type=&#8221;transform_y&#8221; hover_animation=&#8221;none&#8221; alignment=&#8221;&#8221; border_radius=&#8221;none&#8221;&#8230;<\/p>\n","protected":false},"author":2,"featured_media":13202,"comment_status":"closed","ping_status":"closed","sticky":false,"template":"","format":"standard","meta":{"_improvement_type_select":"improve_an_existing","_thumb_yes_seoaic":false,"_frame_yes_seoaic":false,"seoaic_generate_description":"","seoaic_improve_instructions_prompt":"","seoaic_rollback_content_improvement":"","seoaic_idea_thumbnail_generator":"","thumbnail_generated":false,"thumbnail_generate_prompt":"","seoaic_article_description":"","seoaic_article_subtitles":[],"footnotes":""},"categories":[32],"tags":[],"class_list":{"0":"post-13209","1":"post","2":"type-post","3":"status-publish","4":"format-standard","5":"has-post-thumbnail","7":"category-blog"},"yoast_head":"<!-- This site is optimized with the Yoast SEO plugin v27.4 - https:\/\/yoast.com\/product\/yoast-seo-wordpress\/ -->\n<title>The Turku Music Festival brings together a Grammy winner, environmental education and local music classes | Turun musiikkijuhlat<\/title>\n<meta name=\"robots\" content=\"index, follow, max-snippet:-1, max-image-preview:large, max-video-preview:-1\" \/>\n<link rel=\"canonical\" href=\"https:\/\/turunmusiikkijuhlat.fi\/en\/turun-musiikkijuhlat-yhdistaa-grammy-voittajan-ymparistokasvatuksen-ja-paikalliset-musiikkiluokat\" \/>\n<meta property=\"og:locale\" content=\"en_US\" \/>\n<meta property=\"og:type\" content=\"article\" \/>\n<meta property=\"og:title\" content=\"The Turku Music Festival brings together a Grammy winner, environmental education and local music classes | Turun musiikkijuhlat\" \/>\n<meta property=\"og:description\" content=\"[vc_row type=&#8221;in_container&#8221; full_screen_row_position=&#8221;middle&#8221; column_margin=&#8221;default&#8221; column_direction=&#8221;default&#8221; column_direction_tablet=&#8221;default&#8221; column_direction_phone=&#8221;default&#8221; scene_position=&#8221;center&#8221; text_color=&#8221;dark&#8221; text_align=&#8221;left&#8221; row_border_radius=&#8221;none&#8221; row_border_radius_applies=&#8221;bg&#8221; overflow=&#8221;visible&#8221; overlay_strength=&#8221;0.3&#8243; gradient_direction=&#8221;left_to_right&#8221; shape_divider_position=&#8221;bottom&#8221; bg_image_animation=&#8221;none&#8221;][vc_column column_padding=&#8221;no-extra-padding&#8221; column_padding_tablet=&#8221;inherit&#8221; column_padding_phone=&#8221;inherit&#8221; column_padding_position=&#8221;all&#8221; column_element_direction_desktop=&#8221;default&#8221; column_element_spacing=&#8221;default&#8221; desktop_text_alignment=&#8221;default&#8221; tablet_text_alignment=&#8221;default&#8221; phone_text_alignment=&#8221;default&#8221; background_color_opacity=&#8221;1&#8243; background_hover_color_opacity=&#8221;1&#8243; column_backdrop_filter=&#8221;none&#8221; column_shadow=&#8221;none&#8221; column_border_radius=&#8221;none&#8221; column_link_target=&#8221;_self&#8221; column_position=&#8221;default&#8221; gradient_direction=&#8221;left_to_right&#8221; overlay_strength=&#8221;0.3&#8243; width=&#8221;1\/1&#8243; tablet_width_inherit=&#8221;default&#8221; animation_type=&#8221;default&#8221; bg_image_animation=&#8221;none&#8221; border_type=&#8221;simple&#8221; column_border_width=&#8221;none&#8221; column_border_style=&#8221;solid&#8221;][image_with_animation image_url=&#8221;13201&#8243; image_size=&#8221;full&#8221; animation_type=&#8221;entrance&#8221; animation=&#8221;None&#8221; animation_movement_type=&#8221;transform_y&#8221; hover_animation=&#8221;none&#8221; alignment=&#8221;&#8221; border_radius=&#8221;none&#8221;...\" \/>\n<meta property=\"og:url\" content=\"https:\/\/turunmusiikkijuhlat.fi\/en\/turun-musiikkijuhlat-yhdistaa-grammy-voittajan-ymparistokasvatuksen-ja-paikalliset-musiikkiluokat\" \/>\n<meta property=\"og:site_name\" content=\"Turun musiikkijuhlat\" \/>\n<meta property=\"article:publisher\" content=\"https:\/\/www.facebook.com\/Turunmusiikkijuhlat\/\" \/>\n<meta property=\"article:published_time\" content=\"2024-04-09T07:29:32+00:00\" \/>\n<meta property=\"article:modified_time\" content=\"2024-04-09T10:35:14+00:00\" \/>\n<meta property=\"og:image\" content=\"https:\/\/turunmusiikkijuhlat.fi\/wp-content\/uploads\/2024\/04\/Joyce-DiDonato-1024x576.png\" \/>\n\t<meta property=\"og:image:width\" content=\"1024\" \/>\n\t<meta property=\"og:image:height\" content=\"576\" \/>\n\t<meta property=\"og:image:type\" content=\"image\/png\" \/>\n<meta name=\"author\" content=\"Eveliina Salminen\" \/>\n<meta name=\"twitter:card\" content=\"summary_large_image\" \/>\n<meta name=\"twitter:creator\" content=\"@TurkuMusicFest\" \/>\n<meta name=\"twitter:site\" content=\"@TurkuMusicFest\" \/>\n<meta name=\"twitter:label1\" content=\"Written by\" \/>\n\t<meta name=\"twitter:data1\" content=\"Eveliina Salminen\" \/>\n\t<meta name=\"twitter:label2\" content=\"Est. reading time\" \/>\n\t<meta name=\"twitter:data2\" content=\"6 minutes\" \/>\n<script type=\"application\/ld+json\" class=\"yoast-schema-graph\">{\"@context\":\"https:\\\/\\\/schema.org\",\"@graph\":[{\"@type\":\"Article\",\"@id\":\"https:\\\/\\\/turunmusiikkijuhlat.fi\\\/en\\\/turun-musiikkijuhlat-yhdistaa-grammy-voittajan-ymparistokasvatuksen-ja-paikalliset-musiikkiluokat#article\",\"isPartOf\":{\"@id\":\"https:\\\/\\\/turunmusiikkijuhlat.fi\\\/en\\\/turun-musiikkijuhlat-yhdistaa-grammy-voittajan-ymparistokasvatuksen-ja-paikalliset-musiikkiluokat\"},\"author\":{\"name\":\"Eveliina Salminen\",\"@id\":\"https:\\\/\\\/turunmusiikkijuhlat.fi\\\/en#\\\/schema\\\/person\\\/a13da56a0233d63a74c01ff90b381440\"},\"headline\":\"The Turku Music Festival brings together a Grammy winner, environmental education and local music classes\",\"datePublished\":\"2024-04-09T07:29:32+00:00\",\"dateModified\":\"2024-04-09T10:35:14+00:00\",\"mainEntityOfPage\":{\"@id\":\"https:\\\/\\\/turunmusiikkijuhlat.fi\\\/en\\\/turun-musiikkijuhlat-yhdistaa-grammy-voittajan-ymparistokasvatuksen-ja-paikalliset-musiikkiluokat\"},\"wordCount\":994,\"publisher\":{\"@id\":\"https:\\\/\\\/turunmusiikkijuhlat.fi\\\/en#organization\"},\"image\":{\"@id\":\"https:\\\/\\\/turunmusiikkijuhlat.fi\\\/en\\\/turun-musiikkijuhlat-yhdistaa-grammy-voittajan-ymparistokasvatuksen-ja-paikalliset-musiikkiluokat#primaryimage\"},\"thumbnailUrl\":\"https:\\\/\\\/turunmusiikkijuhlat.fi\\\/wp-content\\\/uploads\\\/2024\\\/04\\\/Joyce-DiDonato.png\",\"articleSection\":[\"Blog\"],\"inLanguage\":\"en-US\"},{\"@type\":\"WebPage\",\"@id\":\"https:\\\/\\\/turunmusiikkijuhlat.fi\\\/en\\\/turun-musiikkijuhlat-yhdistaa-grammy-voittajan-ymparistokasvatuksen-ja-paikalliset-musiikkiluokat\",\"url\":\"https:\\\/\\\/turunmusiikkijuhlat.fi\\\/en\\\/turun-musiikkijuhlat-yhdistaa-grammy-voittajan-ymparistokasvatuksen-ja-paikalliset-musiikkiluokat\",\"name\":\"The Turku Music Festival brings together a Grammy winner, environmental education and local music classes | Turun musiikkijuhlat\",\"isPartOf\":{\"@id\":\"https:\\\/\\\/turunmusiikkijuhlat.fi\\\/en#website\"},\"primaryImageOfPage\":{\"@id\":\"https:\\\/\\\/turunmusiikkijuhlat.fi\\\/en\\\/turun-musiikkijuhlat-yhdistaa-grammy-voittajan-ymparistokasvatuksen-ja-paikalliset-musiikkiluokat#primaryimage\"},\"image\":{\"@id\":\"https:\\\/\\\/turunmusiikkijuhlat.fi\\\/en\\\/turun-musiikkijuhlat-yhdistaa-grammy-voittajan-ymparistokasvatuksen-ja-paikalliset-musiikkiluokat#primaryimage\"},\"thumbnailUrl\":\"https:\\\/\\\/turunmusiikkijuhlat.fi\\\/wp-content\\\/uploads\\\/2024\\\/04\\\/Joyce-DiDonato.png\",\"datePublished\":\"2024-04-09T07:29:32+00:00\",\"dateModified\":\"2024-04-09T10:35:14+00:00\",\"breadcrumb\":{\"@id\":\"https:\\\/\\\/turunmusiikkijuhlat.fi\\\/en\\\/turun-musiikkijuhlat-yhdistaa-grammy-voittajan-ymparistokasvatuksen-ja-paikalliset-musiikkiluokat#breadcrumb\"},\"inLanguage\":\"en-US\",\"potentialAction\":[{\"@type\":\"ReadAction\",\"target\":[\"https:\\\/\\\/turunmusiikkijuhlat.fi\\\/en\\\/turun-musiikkijuhlat-yhdistaa-grammy-voittajan-ymparistokasvatuksen-ja-paikalliset-musiikkiluokat\"]}]},{\"@type\":\"ImageObject\",\"inLanguage\":\"en-US\",\"@id\":\"https:\\\/\\\/turunmusiikkijuhlat.fi\\\/en\\\/turun-musiikkijuhlat-yhdistaa-grammy-voittajan-ymparistokasvatuksen-ja-paikalliset-musiikkiluokat#primaryimage\",\"url\":\"https:\\\/\\\/turunmusiikkijuhlat.fi\\\/wp-content\\\/uploads\\\/2024\\\/04\\\/Joyce-DiDonato.png\",\"contentUrl\":\"https:\\\/\\\/turunmusiikkijuhlat.fi\\\/wp-content\\\/uploads\\\/2024\\\/04\\\/Joyce-DiDonato.png\",\"width\":1920,\"height\":1080},{\"@type\":\"BreadcrumbList\",\"@id\":\"https:\\\/\\\/turunmusiikkijuhlat.fi\\\/en\\\/turun-musiikkijuhlat-yhdistaa-grammy-voittajan-ymparistokasvatuksen-ja-paikalliset-musiikkiluokat#breadcrumb\",\"itemListElement\":[{\"@type\":\"ListItem\",\"position\":1,\"name\":\"Etusivu\",\"item\":\"https:\\\/\\\/turunmusiikkijuhlat.fi\\\/en\"},{\"@type\":\"ListItem\",\"position\":2,\"name\":\"The Turku Music Festival brings together a Grammy winner, environmental education and local music classes\"}]},{\"@type\":\"WebSite\",\"@id\":\"https:\\\/\\\/turunmusiikkijuhlat.fi\\\/en#website\",\"url\":\"https:\\\/\\\/turunmusiikkijuhlat.fi\\\/en\",\"name\":\"Turun musiikkijuhlat\",\"description\":\"Suomen vanhin yht\u00e4jaksoisesti toiminut musiikkifestivaali.\",\"publisher\":{\"@id\":\"https:\\\/\\\/turunmusiikkijuhlat.fi\\\/en#organization\"},\"potentialAction\":[{\"@type\":\"SearchAction\",\"target\":{\"@type\":\"EntryPoint\",\"urlTemplate\":\"https:\\\/\\\/turunmusiikkijuhlat.fi\\\/en?s={search_term_string}\"},\"query-input\":{\"@type\":\"PropertyValueSpecification\",\"valueRequired\":true,\"valueName\":\"search_term_string\"}}],\"inLanguage\":\"en-US\"},{\"@type\":\"Organization\",\"@id\":\"https:\\\/\\\/turunmusiikkijuhlat.fi\\\/en#organization\",\"name\":\"Turun Musiikkijuhlat\",\"url\":\"https:\\\/\\\/turunmusiikkijuhlat.fi\\\/en\",\"logo\":{\"@type\":\"ImageObject\",\"inLanguage\":\"en-US\",\"@id\":\"https:\\\/\\\/turunmusiikkijuhlat.fi\\\/en#\\\/schema\\\/logo\\\/image\\\/\",\"url\":\"https:\\\/\\\/turunmusiikkijuhlat.fi\\\/wp-content\\\/uploads\\\/2022\\\/04\\\/TMJ_logo_RGB_500px.png\",\"contentUrl\":\"https:\\\/\\\/turunmusiikkijuhlat.fi\\\/wp-content\\\/uploads\\\/2022\\\/04\\\/TMJ_logo_RGB_500px.png\",\"width\":500,\"height\":151,\"caption\":\"Turun Musiikkijuhlat\"},\"image\":{\"@id\":\"https:\\\/\\\/turunmusiikkijuhlat.fi\\\/en#\\\/schema\\\/logo\\\/image\\\/\"},\"sameAs\":[\"https:\\\/\\\/www.facebook.com\\\/Turunmusiikkijuhlat\\\/\",\"https:\\\/\\\/x.com\\\/TurkuMusicFest\",\"https:\\\/\\\/www.instagram.com\\\/turkumusicfestival\\\/\",\"https:\\\/\\\/www.youtube.com\\\/user\\\/Turkumusic\"]},{\"@type\":\"Person\",\"@id\":\"https:\\\/\\\/turunmusiikkijuhlat.fi\\\/en#\\\/schema\\\/person\\\/a13da56a0233d63a74c01ff90b381440\",\"name\":\"Eveliina Salminen\"}]}<\/script>\n<!-- \/ Yoast SEO plugin. -->","yoast_head_json":{"title":"The Turku Music Festival brings together a Grammy winner, environmental education and local music classes | Turun musiikkijuhlat","robots":{"index":"index","follow":"follow","max-snippet":"max-snippet:-1","max-image-preview":"max-image-preview:large","max-video-preview":"max-video-preview:-1"},"canonical":"https:\/\/turunmusiikkijuhlat.fi\/en\/turun-musiikkijuhlat-yhdistaa-grammy-voittajan-ymparistokasvatuksen-ja-paikalliset-musiikkiluokat","og_locale":"en_US","og_type":"article","og_title":"The Turku Music Festival brings together a Grammy winner, environmental education and local music classes | Turun musiikkijuhlat","og_description":"[vc_row type=&#8221;in_container&#8221; full_screen_row_position=&#8221;middle&#8221; column_margin=&#8221;default&#8221; column_direction=&#8221;default&#8221; column_direction_tablet=&#8221;default&#8221; column_direction_phone=&#8221;default&#8221; scene_position=&#8221;center&#8221; text_color=&#8221;dark&#8221; text_align=&#8221;left&#8221; row_border_radius=&#8221;none&#8221; row_border_radius_applies=&#8221;bg&#8221; overflow=&#8221;visible&#8221; overlay_strength=&#8221;0.3&#8243; gradient_direction=&#8221;left_to_right&#8221; shape_divider_position=&#8221;bottom&#8221; bg_image_animation=&#8221;none&#8221;][vc_column column_padding=&#8221;no-extra-padding&#8221; column_padding_tablet=&#8221;inherit&#8221; column_padding_phone=&#8221;inherit&#8221; column_padding_position=&#8221;all&#8221; column_element_direction_desktop=&#8221;default&#8221; column_element_spacing=&#8221;default&#8221; desktop_text_alignment=&#8221;default&#8221; tablet_text_alignment=&#8221;default&#8221; phone_text_alignment=&#8221;default&#8221; background_color_opacity=&#8221;1&#8243; background_hover_color_opacity=&#8221;1&#8243; column_backdrop_filter=&#8221;none&#8221; column_shadow=&#8221;none&#8221; column_border_radius=&#8221;none&#8221; column_link_target=&#8221;_self&#8221; column_position=&#8221;default&#8221; gradient_direction=&#8221;left_to_right&#8221; overlay_strength=&#8221;0.3&#8243; width=&#8221;1\/1&#8243; tablet_width_inherit=&#8221;default&#8221; animation_type=&#8221;default&#8221; bg_image_animation=&#8221;none&#8221; border_type=&#8221;simple&#8221; column_border_width=&#8221;none&#8221; column_border_style=&#8221;solid&#8221;][image_with_animation image_url=&#8221;13201&#8243; image_size=&#8221;full&#8221; animation_type=&#8221;entrance&#8221; animation=&#8221;None&#8221; animation_movement_type=&#8221;transform_y&#8221; hover_animation=&#8221;none&#8221; alignment=&#8221;&#8221; border_radius=&#8221;none&#8221;...","og_url":"https:\/\/turunmusiikkijuhlat.fi\/en\/turun-musiikkijuhlat-yhdistaa-grammy-voittajan-ymparistokasvatuksen-ja-paikalliset-musiikkiluokat","og_site_name":"Turun musiikkijuhlat","article_publisher":"https:\/\/www.facebook.com\/Turunmusiikkijuhlat\/","article_published_time":"2024-04-09T07:29:32+00:00","article_modified_time":"2024-04-09T10:35:14+00:00","og_image":[{"width":1024,"height":576,"url":"https:\/\/turunmusiikkijuhlat.fi\/wp-content\/uploads\/2024\/04\/Joyce-DiDonato-1024x576.png","type":"image\/png"}],"author":"Eveliina Salminen","twitter_card":"summary_large_image","twitter_creator":"@TurkuMusicFest","twitter_site":"@TurkuMusicFest","twitter_misc":{"Written by":"Eveliina Salminen","Est. reading time":"6 minutes"},"schema":{"@context":"https:\/\/schema.org","@graph":[{"@type":"Article","@id":"https:\/\/turunmusiikkijuhlat.fi\/en\/turun-musiikkijuhlat-yhdistaa-grammy-voittajan-ymparistokasvatuksen-ja-paikalliset-musiikkiluokat#article","isPartOf":{"@id":"https:\/\/turunmusiikkijuhlat.fi\/en\/turun-musiikkijuhlat-yhdistaa-grammy-voittajan-ymparistokasvatuksen-ja-paikalliset-musiikkiluokat"},"author":{"name":"Eveliina Salminen","@id":"https:\/\/turunmusiikkijuhlat.fi\/en#\/schema\/person\/a13da56a0233d63a74c01ff90b381440"},"headline":"The Turku Music Festival brings together a Grammy winner, environmental education and local music classes","datePublished":"2024-04-09T07:29:32+00:00","dateModified":"2024-04-09T10:35:14+00:00","mainEntityOfPage":{"@id":"https:\/\/turunmusiikkijuhlat.fi\/en\/turun-musiikkijuhlat-yhdistaa-grammy-voittajan-ymparistokasvatuksen-ja-paikalliset-musiikkiluokat"},"wordCount":994,"publisher":{"@id":"https:\/\/turunmusiikkijuhlat.fi\/en#organization"},"image":{"@id":"https:\/\/turunmusiikkijuhlat.fi\/en\/turun-musiikkijuhlat-yhdistaa-grammy-voittajan-ymparistokasvatuksen-ja-paikalliset-musiikkiluokat#primaryimage"},"thumbnailUrl":"https:\/\/turunmusiikkijuhlat.fi\/wp-content\/uploads\/2024\/04\/Joyce-DiDonato.png","articleSection":["Blog"],"inLanguage":"en-US"},{"@type":"WebPage","@id":"https:\/\/turunmusiikkijuhlat.fi\/en\/turun-musiikkijuhlat-yhdistaa-grammy-voittajan-ymparistokasvatuksen-ja-paikalliset-musiikkiluokat","url":"https:\/\/turunmusiikkijuhlat.fi\/en\/turun-musiikkijuhlat-yhdistaa-grammy-voittajan-ymparistokasvatuksen-ja-paikalliset-musiikkiluokat","name":"The Turku Music Festival brings together a Grammy winner, environmental education and local music classes | Turun musiikkijuhlat","isPartOf":{"@id":"https:\/\/turunmusiikkijuhlat.fi\/en#website"},"primaryImageOfPage":{"@id":"https:\/\/turunmusiikkijuhlat.fi\/en\/turun-musiikkijuhlat-yhdistaa-grammy-voittajan-ymparistokasvatuksen-ja-paikalliset-musiikkiluokat#primaryimage"},"image":{"@id":"https:\/\/turunmusiikkijuhlat.fi\/en\/turun-musiikkijuhlat-yhdistaa-grammy-voittajan-ymparistokasvatuksen-ja-paikalliset-musiikkiluokat#primaryimage"},"thumbnailUrl":"https:\/\/turunmusiikkijuhlat.fi\/wp-content\/uploads\/2024\/04\/Joyce-DiDonato.png","datePublished":"2024-04-09T07:29:32+00:00","dateModified":"2024-04-09T10:35:14+00:00","breadcrumb":{"@id":"https:\/\/turunmusiikkijuhlat.fi\/en\/turun-musiikkijuhlat-yhdistaa-grammy-voittajan-ymparistokasvatuksen-ja-paikalliset-musiikkiluokat#breadcrumb"},"inLanguage":"en-US","potentialAction":[{"@type":"ReadAction","target":["https:\/\/turunmusiikkijuhlat.fi\/en\/turun-musiikkijuhlat-yhdistaa-grammy-voittajan-ymparistokasvatuksen-ja-paikalliset-musiikkiluokat"]}]},{"@type":"ImageObject","inLanguage":"en-US","@id":"https:\/\/turunmusiikkijuhlat.fi\/en\/turun-musiikkijuhlat-yhdistaa-grammy-voittajan-ymparistokasvatuksen-ja-paikalliset-musiikkiluokat#primaryimage","url":"https:\/\/turunmusiikkijuhlat.fi\/wp-content\/uploads\/2024\/04\/Joyce-DiDonato.png","contentUrl":"https:\/\/turunmusiikkijuhlat.fi\/wp-content\/uploads\/2024\/04\/Joyce-DiDonato.png","width":1920,"height":1080},{"@type":"BreadcrumbList","@id":"https:\/\/turunmusiikkijuhlat.fi\/en\/turun-musiikkijuhlat-yhdistaa-grammy-voittajan-ymparistokasvatuksen-ja-paikalliset-musiikkiluokat#breadcrumb","itemListElement":[{"@type":"ListItem","position":1,"name":"Etusivu","item":"https:\/\/turunmusiikkijuhlat.fi\/en"},{"@type":"ListItem","position":2,"name":"The Turku Music Festival brings together a Grammy winner, environmental education and local music classes"}]},{"@type":"WebSite","@id":"https:\/\/turunmusiikkijuhlat.fi\/en#website","url":"https:\/\/turunmusiikkijuhlat.fi\/en","name":"Turun musiikkijuhlat","description":"Suomen vanhin yht\u00e4jaksoisesti toiminut musiikkifestivaali.","publisher":{"@id":"https:\/\/turunmusiikkijuhlat.fi\/en#organization"},"potentialAction":[{"@type":"SearchAction","target":{"@type":"EntryPoint","urlTemplate":"https:\/\/turunmusiikkijuhlat.fi\/en?s={search_term_string}"},"query-input":{"@type":"PropertyValueSpecification","valueRequired":true,"valueName":"search_term_string"}}],"inLanguage":"en-US"},{"@type":"Organization","@id":"https:\/\/turunmusiikkijuhlat.fi\/en#organization","name":"Turun Musiikkijuhlat","url":"https:\/\/turunmusiikkijuhlat.fi\/en","logo":{"@type":"ImageObject","inLanguage":"en-US","@id":"https:\/\/turunmusiikkijuhlat.fi\/en#\/schema\/logo\/image\/","url":"https:\/\/turunmusiikkijuhlat.fi\/wp-content\/uploads\/2022\/04\/TMJ_logo_RGB_500px.png","contentUrl":"https:\/\/turunmusiikkijuhlat.fi\/wp-content\/uploads\/2022\/04\/TMJ_logo_RGB_500px.png","width":500,"height":151,"caption":"Turun Musiikkijuhlat"},"image":{"@id":"https:\/\/turunmusiikkijuhlat.fi\/en#\/schema\/logo\/image\/"},"sameAs":["https:\/\/www.facebook.com\/Turunmusiikkijuhlat\/","https:\/\/x.com\/TurkuMusicFest","https:\/\/www.instagram.com\/turkumusicfestival\/","https:\/\/www.youtube.com\/user\/Turkumusic"]},{"@type":"Person","@id":"https:\/\/turunmusiikkijuhlat.fi\/en#\/schema\/person\/a13da56a0233d63a74c01ff90b381440","name":"Eveliina Salminen"}]}},"_links":{"self":[{"href":"https:\/\/turunmusiikkijuhlat.fi\/en\/wp-json\/wp\/v2\/posts\/13209","targetHints":{"allow":["GET"]}}],"collection":[{"href":"https:\/\/turunmusiikkijuhlat.fi\/en\/wp-json\/wp\/v2\/posts"}],"about":[{"href":"https:\/\/turunmusiikkijuhlat.fi\/en\/wp-json\/wp\/v2\/types\/post"}],"author":[{"embeddable":true,"href":"https:\/\/turunmusiikkijuhlat.fi\/en\/wp-json\/wp\/v2\/users\/2"}],"replies":[{"embeddable":true,"href":"https:\/\/turunmusiikkijuhlat.fi\/en\/wp-json\/wp\/v2\/comments?post=13209"}],"version-history":[{"count":0,"href":"https:\/\/turunmusiikkijuhlat.fi\/en\/wp-json\/wp\/v2\/posts\/13209\/revisions"}],"wp:featuredmedia":[{"embeddable":true,"href":"https:\/\/turunmusiikkijuhlat.fi\/en\/wp-json\/wp\/v2\/media\/13202"}],"wp:attachment":[{"href":"https:\/\/turunmusiikkijuhlat.fi\/en\/wp-json\/wp\/v2\/media?parent=13209"}],"wp:term":[{"taxonomy":"category","embeddable":true,"href":"https:\/\/turunmusiikkijuhlat.fi\/en\/wp-json\/wp\/v2\/categories?post=13209"},{"taxonomy":"post_tag","embeddable":true,"href":"https:\/\/turunmusiikkijuhlat.fi\/en\/wp-json\/wp\/v2\/tags?post=13209"}],"curies":[{"name":"wp","href":"https:\/\/api.w.org\/{rel}","templated":true}]}}