{"id":12581,"date":"2024-03-01T09:34:17","date_gmt":"2024-03-01T07:34:17","guid":{"rendered":"https:\/\/turunmusiikkijuhlat.fi\/turun-musiikkijuhlille-myonnettiin-sustainable-travel-finland-merkki"},"modified":"2024-03-04T13:01:12","modified_gmt":"2024-03-04T11:01:12","slug":"turun-musiikkijuhlille-myonnettiin-sustainable-travel-finland-merkki","status":"publish","type":"post","link":"https:\/\/turunmusiikkijuhlat.fi\/en\/turun-musiikkijuhlille-myonnettiin-sustainable-travel-finland-merkki","title":{"rendered":"Turku Music Festival is granted the Sustainable Travel Finland emblem"},"content":{"rendered":"[vc_row type=&#8221;in_container&#8221; full_screen_row_position=&#8221;middle&#8221; column_margin=&#8221;default&#8221; column_direction=&#8221;default&#8221; column_direction_tablet=&#8221;default&#8221; column_direction_phone=&#8221;default&#8221; scene_position=&#8221;center&#8221; text_color=&#8221;dark&#8221; text_align=&#8221;left&#8221; row_border_radius=&#8221;none&#8221; row_border_radius_applies=&#8221;bg&#8221; overflow=&#8221;visible&#8221; overlay_strength=&#8221;0.3&#8243; gradient_direction=&#8221;left_to_right&#8221; shape_divider_position=&#8221;bottom&#8221; bg_image_animation=&#8221;none&#8221;][vc_column column_padding=&#8221;no-extra-padding&#8221; column_padding_tablet=&#8221;inherit&#8221; column_padding_phone=&#8221;inherit&#8221; column_padding_position=&#8221;all&#8221; column_element_direction_desktop=&#8221;default&#8221; column_element_spacing=&#8221;default&#8221; desktop_text_alignment=&#8221;default&#8221; tablet_text_alignment=&#8221;default&#8221; phone_text_alignment=&#8221;default&#8221; background_color_opacity=&#8221;1&#8243; background_hover_color_opacity=&#8221;1&#8243; column_backdrop_filter=&#8221;none&#8221; column_shadow=&#8221;none&#8221; column_border_radius=&#8221;none&#8221; column_link_target=&#8221;_self&#8221; column_position=&#8221;default&#8221; gradient_direction=&#8221;left_to_right&#8221; overlay_strength=&#8221;0.3&#8243; width=&#8221;1\/1&#8243; tablet_width_inherit=&#8221;default&#8221; animation_type=&#8221;default&#8221; bg_image_animation=&#8221;none&#8221; border_type=&#8221;simple&#8221; column_border_width=&#8221;none&#8221; column_border_style=&#8221;solid&#8221;][image_with_animation image_url=&#8221;12560&#8243; image_size=&#8221;full&#8221; animation_type=&#8221;entrance&#8221; animation=&#8221;None&#8221; animation_movement_type=&#8221;transform_y&#8221; hover_animation=&#8221;none&#8221; alignment=&#8221;&#8221; border_radius=&#8221;none&#8221; box_shadow=&#8221;none&#8221; image_loading=&#8221;default&#8221; max_width=&#8221;100%&#8221; max_width_mobile=&#8221;default&#8221;][vc_column_text text_direction=&#8221;default&#8221;]<strong>The Turku Music Festivals is one of the oldest and most highly respected music festivals in Finland. It is known for its high-quality programming, international outlook and wonderful venues in and around the city of Turku. In February, the Festival\u2019s efforts towards sustainable travel were rewarded with the Sustainable Travel Finland emblem granted by Visit Finland.<\/strong>[\/vc_column_text][vc_column_text text_direction=&#8221;default&#8221;]Sustainable development and environmental responsibility are of constantly growing importance for event organisers and visitors around the world. In order for the travel industry to be able to respond to shifting demand and to secure its future, the development measures undertaken must be sustainable. It is to this end that Visit Finland introduced the Sustainable Travel Finland programme, under which travel businesses and regions can be granted the Sustainable Travel Finland (STF) emblem in recognition of their efforts in this field. The Turku Music Festival was granted the STF emblem on Valentine\u2019s Day, 14 February 2024.<\/p>\n<p>Being granted the STF emblem is a testimony to how committed the Turku Music Festival is to sustainable travel. The emblem indicates that the Festival has taken active measures to make its events more environmentally friendly. The Festival aims to be a pioneering organiser of sustainable classical music events and concerts.<\/p>\n<p><em>\u201c<\/em>I consider the STF emblem a particularly important step on our way to increasingly sustainable events. We still have some way to go, but this award shows that we are on the right path. We want to do our bit to protect the Earth and to encourage other people to do the same. Responsibility is at the core of the operations of the Turku Music Festival,<em>\u201d <\/em>says <strong>Eveliina Salminen,<\/strong> Sales and Marketing Manager and Environmental Officer of the Turku Music Festival.[\/vc_column_text][vc_custom_heading text=&#8221;Responsibility and international relations lay the groundwork for the future of the Festival&#8221; font_container=&#8221;tag:h4|text_align:left&#8221;][vc_column_text text_direction=&#8221;default&#8221;]Sustainability, responsibility and international relations are essential factors in planning for the future of the Turku Music Festival. The Festival aims to be one of Europe\u2019s leading classical music festivals, and sustainable development and sustainable travel are important elements in attaining this goal. The Festival believes that sustainable values and environmental responsibility are of key importance for ensuring the Festival\u2019s continued success in the long term.<\/p>\n<p>The Turku Music Festival has adopted an environmental pledge that is available on the Festival website. The Festival publicises its corporate responsibility actions particularly in its social media channels and also in press bulletins. So far, there have been several such actions: collaboration with local transport operator F\u00f6li, providing Turku Music Festival ticket holders with free bus rides; reducing the volume of printed matter produced; reusing materials; and procurement of responsible and environmentally certified products and services.[\/vc_column_text][\/vc_column][\/vc_row]\n","protected":false},"excerpt":{"rendered":"<p>[vc_row type=&#8221;in_container&#8221; full_screen_row_position=&#8221;middle&#8221; column_margin=&#8221;default&#8221; column_direction=&#8221;default&#8221; column_direction_tablet=&#8221;default&#8221; column_direction_phone=&#8221;default&#8221; scene_position=&#8221;center&#8221; text_color=&#8221;dark&#8221; text_align=&#8221;left&#8221; row_border_radius=&#8221;none&#8221; row_border_radius_applies=&#8221;bg&#8221; overflow=&#8221;visible&#8221; overlay_strength=&#8221;0.3&#8243; gradient_direction=&#8221;left_to_right&#8221; shape_divider_position=&#8221;bottom&#8221; bg_image_animation=&#8221;none&#8221;][vc_column column_padding=&#8221;no-extra-padding&#8221; column_padding_tablet=&#8221;inherit&#8221; column_padding_phone=&#8221;inherit&#8221; column_padding_position=&#8221;all&#8221; column_element_direction_desktop=&#8221;default&#8221; column_element_spacing=&#8221;default&#8221; desktop_text_alignment=&#8221;default&#8221; tablet_text_alignment=&#8221;default&#8221; phone_text_alignment=&#8221;default&#8221; background_color_opacity=&#8221;1&#8243; background_hover_color_opacity=&#8221;1&#8243; column_backdrop_filter=&#8221;none&#8221; column_shadow=&#8221;none&#8221; column_border_radius=&#8221;none&#8221; column_link_target=&#8221;_self&#8221; column_position=&#8221;default&#8221; gradient_direction=&#8221;left_to_right&#8221; overlay_strength=&#8221;0.3&#8243; width=&#8221;1\/1&#8243; tablet_width_inherit=&#8221;default&#8221; animation_type=&#8221;default&#8221; bg_image_animation=&#8221;none&#8221; border_type=&#8221;simple&#8221; column_border_width=&#8221;none&#8221; column_border_style=&#8221;solid&#8221;][image_with_animation image_url=&#8221;12560&#8243; image_size=&#8221;full&#8221; animation_type=&#8221;entrance&#8221; animation=&#8221;None&#8221; animation_movement_type=&#8221;transform_y&#8221; hover_animation=&#8221;none&#8221; alignment=&#8221;&#8221; border_radius=&#8221;none&#8221;&#8230;<\/p>\n","protected":false},"author":2,"featured_media":12561,"comment_status":"closed","ping_status":"closed","sticky":false,"template":"","format":"standard","meta":{"_improvement_type_select":"improve_an_existing","_thumb_yes_seoaic":false,"_frame_yes_seoaic":false,"seoaic_generate_description":"","seoaic_improve_instructions_prompt":"","seoaic_rollback_content_improvement":"","seoaic_idea_thumbnail_generator":"","thumbnail_generated":false,"thumbnail_generate_prompt":"","seoaic_article_description":"","seoaic_article_subtitles":[],"footnotes":""},"categories":[32],"tags":[],"class_list":{"0":"post-12581","1":"post","2":"type-post","3":"status-publish","4":"format-standard","5":"has-post-thumbnail","7":"category-blog"},"yoast_head":"<!-- This site is optimized with the Yoast SEO plugin v27.4 - https:\/\/yoast.com\/product\/yoast-seo-wordpress\/ -->\n<title>Turku Music Festival is granted the Sustainable Travel Finland emblem | Turun musiikkijuhlat<\/title>\n<meta name=\"robots\" content=\"index, follow, max-snippet:-1, max-image-preview:large, max-video-preview:-1\" \/>\n<link rel=\"canonical\" href=\"https:\/\/turunmusiikkijuhlat.fi\/en\/turun-musiikkijuhlille-myonnettiin-sustainable-travel-finland-merkki\" \/>\n<meta property=\"og:locale\" content=\"en_US\" \/>\n<meta property=\"og:type\" content=\"article\" \/>\n<meta property=\"og:title\" content=\"Turun musiikkijuhlille my\u00f6nnettiin Sustainable Travel Finland -merkki\" \/>\n<meta property=\"og:description\" content=\"Turun musiikkijuhlat on yksi Suomen vanhimmista ja arvostetuimmista musiikkifestivaaleista. Festivaali on tunnettu laadukkaasta ohjelmistostaan, kansainv\u00e4lisyydest\u00e4\u00e4n ja upeista esityspaikoistaan Turun kauniissa ymp\u00e4rist\u00f6ss\u00e4. Helmikuussa TMJ otti merkitt\u00e4v\u00e4n askeleen kohti kest\u00e4v\u00e4mp\u00e4\u00e4 matkailua saadessaan Visit Finlandin Sustainable Travel Finland -merkin.\" \/>\n<meta property=\"og:url\" content=\"https:\/\/turunmusiikkijuhlat.fi\/en\/turun-musiikkijuhlille-myonnettiin-sustainable-travel-finland-merkki\" \/>\n<meta property=\"og:site_name\" content=\"Turun musiikkijuhlat\" \/>\n<meta property=\"article:publisher\" content=\"https:\/\/www.facebook.com\/Turunmusiikkijuhlat\/\" \/>\n<meta property=\"article:published_time\" content=\"2024-03-01T07:34:17+00:00\" \/>\n<meta property=\"article:modified_time\" content=\"2024-03-04T11:01:12+00:00\" \/>\n<meta property=\"og:image\" content=\"https:\/\/turunmusiikkijuhlat.fi\/wp-content\/uploads\/2024\/03\/OJM_1379-scaled.jpg\" \/>\n\t<meta property=\"og:image:width\" content=\"2560\" \/>\n\t<meta property=\"og:image:height\" content=\"1703\" \/>\n\t<meta property=\"og:image:type\" content=\"image\/jpeg\" \/>\n<meta name=\"author\" content=\"Eveliina Salminen\" \/>\n<meta name=\"twitter:card\" content=\"summary_large_image\" \/>\n<meta name=\"twitter:creator\" content=\"@TurkuMusicFest\" \/>\n<meta name=\"twitter:site\" content=\"@TurkuMusicFest\" \/>\n<meta name=\"twitter:label1\" content=\"Written by\" \/>\n\t<meta name=\"twitter:data1\" content=\"Eveliina Salminen\" \/>\n\t<meta name=\"twitter:label2\" content=\"Est. reading time\" \/>\n\t<meta name=\"twitter:data2\" content=\"4 minutes\" \/>\n<script type=\"application\/ld+json\" class=\"yoast-schema-graph\">{\"@context\":\"https:\\\/\\\/schema.org\",\"@graph\":[{\"@type\":\"Article\",\"@id\":\"https:\\\/\\\/turunmusiikkijuhlat.fi\\\/en\\\/turun-musiikkijuhlille-myonnettiin-sustainable-travel-finland-merkki#article\",\"isPartOf\":{\"@id\":\"https:\\\/\\\/turunmusiikkijuhlat.fi\\\/en\\\/turun-musiikkijuhlille-myonnettiin-sustainable-travel-finland-merkki\"},\"author\":{\"name\":\"Eveliina Salminen\",\"@id\":\"https:\\\/\\\/turunmusiikkijuhlat.fi\\\/en#\\\/schema\\\/person\\\/a13da56a0233d63a74c01ff90b381440\"},\"headline\":\"Turku Music Festival is granted the Sustainable Travel Finland emblem\",\"datePublished\":\"2024-03-01T07:34:17+00:00\",\"dateModified\":\"2024-03-04T11:01:12+00:00\",\"mainEntityOfPage\":{\"@id\":\"https:\\\/\\\/turunmusiikkijuhlat.fi\\\/en\\\/turun-musiikkijuhlille-myonnettiin-sustainable-travel-finland-merkki\"},\"wordCount\":684,\"publisher\":{\"@id\":\"https:\\\/\\\/turunmusiikkijuhlat.fi\\\/en#organization\"},\"image\":{\"@id\":\"https:\\\/\\\/turunmusiikkijuhlat.fi\\\/en\\\/turun-musiikkijuhlille-myonnettiin-sustainable-travel-finland-merkki#primaryimage\"},\"thumbnailUrl\":\"https:\\\/\\\/turunmusiikkijuhlat.fi\\\/wp-content\\\/uploads\\\/2024\\\/03\\\/OJM_1379-scaled.jpg\",\"articleSection\":[\"Blog\"],\"inLanguage\":\"en-US\"},{\"@type\":\"WebPage\",\"@id\":\"https:\\\/\\\/turunmusiikkijuhlat.fi\\\/en\\\/turun-musiikkijuhlille-myonnettiin-sustainable-travel-finland-merkki\",\"url\":\"https:\\\/\\\/turunmusiikkijuhlat.fi\\\/en\\\/turun-musiikkijuhlille-myonnettiin-sustainable-travel-finland-merkki\",\"name\":\"Turku Music Festival is granted the Sustainable Travel Finland emblem | Turun musiikkijuhlat\",\"isPartOf\":{\"@id\":\"https:\\\/\\\/turunmusiikkijuhlat.fi\\\/en#website\"},\"primaryImageOfPage\":{\"@id\":\"https:\\\/\\\/turunmusiikkijuhlat.fi\\\/en\\\/turun-musiikkijuhlille-myonnettiin-sustainable-travel-finland-merkki#primaryimage\"},\"image\":{\"@id\":\"https:\\\/\\\/turunmusiikkijuhlat.fi\\\/en\\\/turun-musiikkijuhlille-myonnettiin-sustainable-travel-finland-merkki#primaryimage\"},\"thumbnailUrl\":\"https:\\\/\\\/turunmusiikkijuhlat.fi\\\/wp-content\\\/uploads\\\/2024\\\/03\\\/OJM_1379-scaled.jpg\",\"datePublished\":\"2024-03-01T07:34:17+00:00\",\"dateModified\":\"2024-03-04T11:01:12+00:00\",\"breadcrumb\":{\"@id\":\"https:\\\/\\\/turunmusiikkijuhlat.fi\\\/en\\\/turun-musiikkijuhlille-myonnettiin-sustainable-travel-finland-merkki#breadcrumb\"},\"inLanguage\":\"en-US\",\"potentialAction\":[{\"@type\":\"ReadAction\",\"target\":[\"https:\\\/\\\/turunmusiikkijuhlat.fi\\\/en\\\/turun-musiikkijuhlille-myonnettiin-sustainable-travel-finland-merkki\"]}]},{\"@type\":\"ImageObject\",\"inLanguage\":\"en-US\",\"@id\":\"https:\\\/\\\/turunmusiikkijuhlat.fi\\\/en\\\/turun-musiikkijuhlille-myonnettiin-sustainable-travel-finland-merkki#primaryimage\",\"url\":\"https:\\\/\\\/turunmusiikkijuhlat.fi\\\/wp-content\\\/uploads\\\/2024\\\/03\\\/OJM_1379-scaled.jpg\",\"contentUrl\":\"https:\\\/\\\/turunmusiikkijuhlat.fi\\\/wp-content\\\/uploads\\\/2024\\\/03\\\/OJM_1379-scaled.jpg\",\"width\":2560,\"height\":1703},{\"@type\":\"BreadcrumbList\",\"@id\":\"https:\\\/\\\/turunmusiikkijuhlat.fi\\\/en\\\/turun-musiikkijuhlille-myonnettiin-sustainable-travel-finland-merkki#breadcrumb\",\"itemListElement\":[{\"@type\":\"ListItem\",\"position\":1,\"name\":\"Etusivu\",\"item\":\"https:\\\/\\\/turunmusiikkijuhlat.fi\\\/en\"},{\"@type\":\"ListItem\",\"position\":2,\"name\":\"Turku Music Festival is granted the Sustainable Travel Finland emblem\"}]},{\"@type\":\"WebSite\",\"@id\":\"https:\\\/\\\/turunmusiikkijuhlat.fi\\\/en#website\",\"url\":\"https:\\\/\\\/turunmusiikkijuhlat.fi\\\/en\",\"name\":\"Turun musiikkijuhlat\",\"description\":\"Suomen vanhin yht\u00e4jaksoisesti toiminut musiikkifestivaali.\",\"publisher\":{\"@id\":\"https:\\\/\\\/turunmusiikkijuhlat.fi\\\/en#organization\"},\"potentialAction\":[{\"@type\":\"SearchAction\",\"target\":{\"@type\":\"EntryPoint\",\"urlTemplate\":\"https:\\\/\\\/turunmusiikkijuhlat.fi\\\/en?s={search_term_string}\"},\"query-input\":{\"@type\":\"PropertyValueSpecification\",\"valueRequired\":true,\"valueName\":\"search_term_string\"}}],\"inLanguage\":\"en-US\"},{\"@type\":\"Organization\",\"@id\":\"https:\\\/\\\/turunmusiikkijuhlat.fi\\\/en#organization\",\"name\":\"Turun Musiikkijuhlat\",\"url\":\"https:\\\/\\\/turunmusiikkijuhlat.fi\\\/en\",\"logo\":{\"@type\":\"ImageObject\",\"inLanguage\":\"en-US\",\"@id\":\"https:\\\/\\\/turunmusiikkijuhlat.fi\\\/en#\\\/schema\\\/logo\\\/image\\\/\",\"url\":\"https:\\\/\\\/turunmusiikkijuhlat.fi\\\/wp-content\\\/uploads\\\/2022\\\/04\\\/TMJ_logo_RGB_500px.png\",\"contentUrl\":\"https:\\\/\\\/turunmusiikkijuhlat.fi\\\/wp-content\\\/uploads\\\/2022\\\/04\\\/TMJ_logo_RGB_500px.png\",\"width\":500,\"height\":151,\"caption\":\"Turun Musiikkijuhlat\"},\"image\":{\"@id\":\"https:\\\/\\\/turunmusiikkijuhlat.fi\\\/en#\\\/schema\\\/logo\\\/image\\\/\"},\"sameAs\":[\"https:\\\/\\\/www.facebook.com\\\/Turunmusiikkijuhlat\\\/\",\"https:\\\/\\\/x.com\\\/TurkuMusicFest\",\"https:\\\/\\\/www.instagram.com\\\/turkumusicfestival\\\/\",\"https:\\\/\\\/www.youtube.com\\\/user\\\/Turkumusic\"]},{\"@type\":\"Person\",\"@id\":\"https:\\\/\\\/turunmusiikkijuhlat.fi\\\/en#\\\/schema\\\/person\\\/a13da56a0233d63a74c01ff90b381440\",\"name\":\"Eveliina Salminen\"}]}<\/script>\n<!-- \/ Yoast SEO plugin. -->","yoast_head_json":{"title":"Turku Music Festival is granted the Sustainable Travel Finland emblem | Turun musiikkijuhlat","robots":{"index":"index","follow":"follow","max-snippet":"max-snippet:-1","max-image-preview":"max-image-preview:large","max-video-preview":"max-video-preview:-1"},"canonical":"https:\/\/turunmusiikkijuhlat.fi\/en\/turun-musiikkijuhlille-myonnettiin-sustainable-travel-finland-merkki","og_locale":"en_US","og_type":"article","og_title":"Turun musiikkijuhlille my\u00f6nnettiin Sustainable Travel Finland -merkki","og_description":"Turun musiikkijuhlat on yksi Suomen vanhimmista ja arvostetuimmista musiikkifestivaaleista. Festivaali on tunnettu laadukkaasta ohjelmistostaan, kansainv\u00e4lisyydest\u00e4\u00e4n ja upeista esityspaikoistaan Turun kauniissa ymp\u00e4rist\u00f6ss\u00e4. Helmikuussa TMJ otti merkitt\u00e4v\u00e4n askeleen kohti kest\u00e4v\u00e4mp\u00e4\u00e4 matkailua saadessaan Visit Finlandin Sustainable Travel Finland -merkin.","og_url":"https:\/\/turunmusiikkijuhlat.fi\/en\/turun-musiikkijuhlille-myonnettiin-sustainable-travel-finland-merkki","og_site_name":"Turun musiikkijuhlat","article_publisher":"https:\/\/www.facebook.com\/Turunmusiikkijuhlat\/","article_published_time":"2024-03-01T07:34:17+00:00","article_modified_time":"2024-03-04T11:01:12+00:00","og_image":[{"width":2560,"height":1703,"url":"https:\/\/turunmusiikkijuhlat.fi\/wp-content\/uploads\/2024\/03\/OJM_1379-scaled.jpg","type":"image\/jpeg"}],"author":"Eveliina Salminen","twitter_card":"summary_large_image","twitter_creator":"@TurkuMusicFest","twitter_site":"@TurkuMusicFest","twitter_misc":{"Written by":"Eveliina Salminen","Est. reading time":"4 minutes"},"schema":{"@context":"https:\/\/schema.org","@graph":[{"@type":"Article","@id":"https:\/\/turunmusiikkijuhlat.fi\/en\/turun-musiikkijuhlille-myonnettiin-sustainable-travel-finland-merkki#article","isPartOf":{"@id":"https:\/\/turunmusiikkijuhlat.fi\/en\/turun-musiikkijuhlille-myonnettiin-sustainable-travel-finland-merkki"},"author":{"name":"Eveliina Salminen","@id":"https:\/\/turunmusiikkijuhlat.fi\/en#\/schema\/person\/a13da56a0233d63a74c01ff90b381440"},"headline":"Turku Music Festival is granted the Sustainable Travel Finland emblem","datePublished":"2024-03-01T07:34:17+00:00","dateModified":"2024-03-04T11:01:12+00:00","mainEntityOfPage":{"@id":"https:\/\/turunmusiikkijuhlat.fi\/en\/turun-musiikkijuhlille-myonnettiin-sustainable-travel-finland-merkki"},"wordCount":684,"publisher":{"@id":"https:\/\/turunmusiikkijuhlat.fi\/en#organization"},"image":{"@id":"https:\/\/turunmusiikkijuhlat.fi\/en\/turun-musiikkijuhlille-myonnettiin-sustainable-travel-finland-merkki#primaryimage"},"thumbnailUrl":"https:\/\/turunmusiikkijuhlat.fi\/wp-content\/uploads\/2024\/03\/OJM_1379-scaled.jpg","articleSection":["Blog"],"inLanguage":"en-US"},{"@type":"WebPage","@id":"https:\/\/turunmusiikkijuhlat.fi\/en\/turun-musiikkijuhlille-myonnettiin-sustainable-travel-finland-merkki","url":"https:\/\/turunmusiikkijuhlat.fi\/en\/turun-musiikkijuhlille-myonnettiin-sustainable-travel-finland-merkki","name":"Turku Music Festival is granted the Sustainable Travel Finland emblem | Turun musiikkijuhlat","isPartOf":{"@id":"https:\/\/turunmusiikkijuhlat.fi\/en#website"},"primaryImageOfPage":{"@id":"https:\/\/turunmusiikkijuhlat.fi\/en\/turun-musiikkijuhlille-myonnettiin-sustainable-travel-finland-merkki#primaryimage"},"image":{"@id":"https:\/\/turunmusiikkijuhlat.fi\/en\/turun-musiikkijuhlille-myonnettiin-sustainable-travel-finland-merkki#primaryimage"},"thumbnailUrl":"https:\/\/turunmusiikkijuhlat.fi\/wp-content\/uploads\/2024\/03\/OJM_1379-scaled.jpg","datePublished":"2024-03-01T07:34:17+00:00","dateModified":"2024-03-04T11:01:12+00:00","breadcrumb":{"@id":"https:\/\/turunmusiikkijuhlat.fi\/en\/turun-musiikkijuhlille-myonnettiin-sustainable-travel-finland-merkki#breadcrumb"},"inLanguage":"en-US","potentialAction":[{"@type":"ReadAction","target":["https:\/\/turunmusiikkijuhlat.fi\/en\/turun-musiikkijuhlille-myonnettiin-sustainable-travel-finland-merkki"]}]},{"@type":"ImageObject","inLanguage":"en-US","@id":"https:\/\/turunmusiikkijuhlat.fi\/en\/turun-musiikkijuhlille-myonnettiin-sustainable-travel-finland-merkki#primaryimage","url":"https:\/\/turunmusiikkijuhlat.fi\/wp-content\/uploads\/2024\/03\/OJM_1379-scaled.jpg","contentUrl":"https:\/\/turunmusiikkijuhlat.fi\/wp-content\/uploads\/2024\/03\/OJM_1379-scaled.jpg","width":2560,"height":1703},{"@type":"BreadcrumbList","@id":"https:\/\/turunmusiikkijuhlat.fi\/en\/turun-musiikkijuhlille-myonnettiin-sustainable-travel-finland-merkki#breadcrumb","itemListElement":[{"@type":"ListItem","position":1,"name":"Etusivu","item":"https:\/\/turunmusiikkijuhlat.fi\/en"},{"@type":"ListItem","position":2,"name":"Turku Music Festival is granted the Sustainable Travel Finland emblem"}]},{"@type":"WebSite","@id":"https:\/\/turunmusiikkijuhlat.fi\/en#website","url":"https:\/\/turunmusiikkijuhlat.fi\/en","name":"Turun musiikkijuhlat","description":"Suomen vanhin yht\u00e4jaksoisesti toiminut musiikkifestivaali.","publisher":{"@id":"https:\/\/turunmusiikkijuhlat.fi\/en#organization"},"potentialAction":[{"@type":"SearchAction","target":{"@type":"EntryPoint","urlTemplate":"https:\/\/turunmusiikkijuhlat.fi\/en?s={search_term_string}"},"query-input":{"@type":"PropertyValueSpecification","valueRequired":true,"valueName":"search_term_string"}}],"inLanguage":"en-US"},{"@type":"Organization","@id":"https:\/\/turunmusiikkijuhlat.fi\/en#organization","name":"Turun Musiikkijuhlat","url":"https:\/\/turunmusiikkijuhlat.fi\/en","logo":{"@type":"ImageObject","inLanguage":"en-US","@id":"https:\/\/turunmusiikkijuhlat.fi\/en#\/schema\/logo\/image\/","url":"https:\/\/turunmusiikkijuhlat.fi\/wp-content\/uploads\/2022\/04\/TMJ_logo_RGB_500px.png","contentUrl":"https:\/\/turunmusiikkijuhlat.fi\/wp-content\/uploads\/2022\/04\/TMJ_logo_RGB_500px.png","width":500,"height":151,"caption":"Turun Musiikkijuhlat"},"image":{"@id":"https:\/\/turunmusiikkijuhlat.fi\/en#\/schema\/logo\/image\/"},"sameAs":["https:\/\/www.facebook.com\/Turunmusiikkijuhlat\/","https:\/\/x.com\/TurkuMusicFest","https:\/\/www.instagram.com\/turkumusicfestival\/","https:\/\/www.youtube.com\/user\/Turkumusic"]},{"@type":"Person","@id":"https:\/\/turunmusiikkijuhlat.fi\/en#\/schema\/person\/a13da56a0233d63a74c01ff90b381440","name":"Eveliina Salminen"}]}},"_links":{"self":[{"href":"https:\/\/turunmusiikkijuhlat.fi\/en\/wp-json\/wp\/v2\/posts\/12581","targetHints":{"allow":["GET"]}}],"collection":[{"href":"https:\/\/turunmusiikkijuhlat.fi\/en\/wp-json\/wp\/v2\/posts"}],"about":[{"href":"https:\/\/turunmusiikkijuhlat.fi\/en\/wp-json\/wp\/v2\/types\/post"}],"author":[{"embeddable":true,"href":"https:\/\/turunmusiikkijuhlat.fi\/en\/wp-json\/wp\/v2\/users\/2"}],"replies":[{"embeddable":true,"href":"https:\/\/turunmusiikkijuhlat.fi\/en\/wp-json\/wp\/v2\/comments?post=12581"}],"version-history":[{"count":0,"href":"https:\/\/turunmusiikkijuhlat.fi\/en\/wp-json\/wp\/v2\/posts\/12581\/revisions"}],"wp:featuredmedia":[{"embeddable":true,"href":"https:\/\/turunmusiikkijuhlat.fi\/en\/wp-json\/wp\/v2\/media\/12561"}],"wp:attachment":[{"href":"https:\/\/turunmusiikkijuhlat.fi\/en\/wp-json\/wp\/v2\/media?parent=12581"}],"wp:term":[{"taxonomy":"category","embeddable":true,"href":"https:\/\/turunmusiikkijuhlat.fi\/en\/wp-json\/wp\/v2\/categories?post=12581"},{"taxonomy":"post_tag","embeddable":true,"href":"https:\/\/turunmusiikkijuhlat.fi\/en\/wp-json\/wp\/v2\/tags?post=12581"}],"curies":[{"name":"wp","href":"https:\/\/api.w.org\/{rel}","templated":true}]}}